{"id":57747,"date":"2026-04-09T16:36:34","date_gmt":"2026-04-09T16:36:34","guid":{"rendered":"https:\/\/laverdadpublica.com\/?p=57747"},"modified":"2026-04-09T22:37:45","modified_gmt":"2026-04-09T22:37:45","slug":"banreservas-destaca-liderazgo-de-yubelkis-ramirez-tras-ser-reconocida-como-leading-women-dominicana-2026","status":"publish","type":"post","link":"https:\/\/laverdadpublica.com\/index.php\/2026\/04\/09\/banreservas-destaca-liderazgo-de-yubelkis-ramirez-tras-ser-reconocida-como-leading-women-dominicana-2026\/","title":{"rendered":"Banreservas destaca liderazgo de Yubelkis Ram\u00edrez tras ser reconocida como Leading Women Dominicana 2026"},"content":{"rendered":"<p style=\"text-align: justify;\">Santo Domingo.\u2013 El Banco de Reservas de la Rep\u00fablica Dominicana resalt\u00f3 el liderazgo, la trayectoria y el impacto profesional de su vicepresidenta de Mercadeo, Yubelkis Ram\u00edrez, tras ser distinguida como una de las Leading Women Dominicana 2026, un reconocimiento que exalta a mujeres influyentes en la industria de la comunicaci\u00f3n, el marketing y la publicidad.<\/p>\n<p style=\"text-align: justify;\">La distinci\u00f3n forma parte del programa internacional Leading Women, impulsado por Ad Age y Adlatina, en alianza con la Asociaci\u00f3n Dominicana de Empresas de Comunicaci\u00f3n Comercial (ADECC), que reconoce a profesionales con destacada trayectoria y capacidad de generar transformaci\u00f3n en sus organizaciones y en el entorno empresarial.<\/p>\n<p style=\"text-align: justify;\">En esta segunda edici\u00f3n en Rep\u00fablica Dominicana, fueron seleccionadas destacadas ejecutivas por su visi\u00f3n estrat\u00e9gica, innovaci\u00f3n y aportes al fortalecimiento de marcas y negocios en el pa\u00eds, entre ellas Ram\u00edrez, quien ocupa la vicepresidencia de Mercadeo de Banreservas.<\/p>\n<p style=\"text-align: justify;\">El presidente ejecutivo de la instituci\u00f3n, doctor Leonardo Aguilera, valor\u00f3 el reconocimiento otorgado a Ram\u00edrez y destac\u00f3 que su trayectoria refleja el compromiso con la excelencia, la innovaci\u00f3n y el fortalecimiento de la marca institucional.<\/p>\n<blockquote>\n<p style=\"text-align: center;\">\u201cEste reconocimiento a Yubelkis Ram\u00edrez reafirma la importancia del talento humano en nuestra organizaci\u00f3n y el papel fundamental que desempe\u00f1a el liderazgo femenino en la construcci\u00f3n de una banca moderna, cercana y orientada a resultados. Su gesti\u00f3n ha contribuido significativamente al posicionamiento de Banreservas como referente del sistema financiero nacional\u201d, expres\u00f3.<\/p>\n<\/blockquote>\n<p style=\"text-align: justify;\">La instituci\u00f3n financiera destac\u00f3 que Ram\u00edrez cuenta con una s\u00f3lida trayectoria de m\u00e1s de dos d\u00e9cadas liderando estrategias de mercadeo en distintos sectores, integrando creatividad, an\u00e1lisis y visi\u00f3n estrat\u00e9gica para impulsar el posicionamiento de marcas y generar resultados sostenibles.<\/p>\n<p style=\"text-align: justify;\">Asimismo, subray\u00f3 que su gesti\u00f3n ha sido determinante en la consolidaci\u00f3n de Banreservas como El Banco de todos los dominicanos, fortaleciendo su cercan\u00eda con los clientes y su conexi\u00f3n con los distintos sectores productivos del pa\u00eds.<\/p>\n<p style=\"text-align: justify;\">Banreservas reafirma con este reconocimiento su compromiso con el talento humano, la equidad de g\u00e9nero y el impulso de liderazgos que contribuyen al desarrollo econ\u00f3mico, social y empresarial de la Rep\u00fablica Dominicana.<\/p>\n<p>Fuente: Prensa Banreservas<\/p>\n","protected":false},"excerpt":{"rendered":"<p>Santo Domingo.\u2013 El Banco de Reservas de la Rep\u00fablica Dominicana resalt\u00f3 el liderazgo, la trayectoria<\/p>\n","protected":false},"author":1,"featured_media":57748,"comment_status":"open","ping_status":"open","sticky":false,"template":"","format":"standard","meta":{"footnotes":""},"categories":[7],"tags":[],"class_list":["post-57747","post","type-post","status-publish","format-standard","has-post-thumbnail","hentry","category-nacionales"],"_links":{"self":[{"href":"https:\/\/laverdadpublica.com\/index.php\/wp-json\/wp\/v2\/posts\/57747","targetHints":{"allow":["GET"]}}],"collection":[{"href":"https:\/\/laverdadpublica.com\/index.php\/wp-json\/wp\/v2\/posts"}],"about":[{"href":"https:\/\/laverdadpublica.com\/index.php\/wp-json\/wp\/v2\/types\/post"}],"author":[{"embeddable":true,"href":"https:\/\/laverdadpublica.com\/index.php\/wp-json\/wp\/v2\/users\/1"}],"replies":[{"embeddable":true,"href":"https:\/\/laverdadpublica.com\/index.php\/wp-json\/wp\/v2\/comments?post=57747"}],"version-history":[{"count":1,"href":"https:\/\/laverdadpublica.com\/index.php\/wp-json\/wp\/v2\/posts\/57747\/revisions"}],"predecessor-version":[{"id":57749,"href":"https:\/\/laverdadpublica.com\/index.php\/wp-json\/wp\/v2\/posts\/57747\/revisions\/57749"}],"wp:featuredmedia":[{"embeddable":true,"href":"https:\/\/laverdadpublica.com\/index.php\/wp-json\/wp\/v2\/media\/57748"}],"wp:attachment":[{"href":"https:\/\/laverdadpublica.com\/index.php\/wp-json\/wp\/v2\/media?parent=57747"}],"wp:term":[{"taxonomy":"category","embeddable":true,"href":"https:\/\/laverdadpublica.com\/index.php\/wp-json\/wp\/v2\/categories?post=57747"},{"taxonomy":"post_tag","embeddable":true,"href":"https:\/\/laverdadpublica.com\/index.php\/wp-json\/wp\/v2\/tags?post=57747"}],"curies":[{"name":"wp","href":"https:\/\/api.w.org\/{rel}","templated":true}]}}