{"id":61507,"date":"2026-07-01T11:07:45","date_gmt":"2026-07-01T11:07:45","guid":{"rendered":"https:\/\/laverdadpublica.com\/?p=61507"},"modified":"2026-07-01T19:09:08","modified_gmt":"2026-07-01T19:09:08","slug":"ciberataque-afecta-la-base-de-datos-del-periodico-digital-atento-com-do-tecnicos-trabajan-en-su-restablecimiento","status":"publish","type":"post","link":"https:\/\/laverdadpublica.com\/index.php\/2026\/07\/01\/ciberataque-afecta-la-base-de-datos-del-periodico-digital-atento-com-do-tecnicos-trabajan-en-su-restablecimiento\/","title":{"rendered":"Ciberataque afecta la base de datos del peri\u00f3dico digital Atento.com.do; t\u00e9cnicos trabajan en su restablecimiento"},"content":{"rendered":"<p style=\"text-align: justify;\">SANTO DOMINGO. \u2013 El peri\u00f3dico digital Atento.com.do inform\u00f3 este martes que su plataforma tecnol\u00f3gica ha sufrido un ciberataque en su base de datos, lo que ha provocado interrupciones en su servicio desde la pasada semana.<\/p>\n<p style=\"text-align: justify;\">Un equipo de t\u00e9cnicos especialistas en seguridad inform\u00e1tica trabaja de manera intensiva con el objetivo de restablecer el portal a la mayor brevedad posible.<\/p>\n<p style=\"text-align: justify;\">El director ejecutivo de Atento.com.do, el periodista Nelson Feliz, solicit\u00f3 p\u00fablicamente la comprensi\u00f3n de sus clientes, colaboradores y agencias de relaciones p\u00fablicas que diariamente env\u00edan sus contenidos para ser difundidos en este prestigioso medio de comunicaci\u00f3n.<\/p>\n<blockquote>\n<p style=\"text-align: center;\">\u00abEstamos enfocados en solucionar este inconveniente t\u00e9cnico con los m\u00e1s altos est\u00e1ndares de seguridad para garantizar que la plataforma regrese fortalecida. Agradecemos la paciencia de nuestros aliados comerciales y de nuestros lectores en lo que culmina este proceso\u00bb, expres\u00f3 Feliz.<\/p>\n<\/blockquote>\n<p style=\"text-align: justify;\">Este incidente se suma a los constantes desaf\u00edos de ciberseguridad que enfrentan los medios digitales en la regi\u00f3n, regulados en el pa\u00eds por la Ley 53-07 sobre Cr\u00edmenes y Delitos de Alta Tecnolog\u00eda. La direcci\u00f3n del peri\u00f3dico informar\u00e1 oportunamente tan pronto el sitio web se encuentre operando con total normalidad.<\/p>\n<p style=\"text-align: justify;\">COMUNICADO OFICIAL<\/p>\n<p style=\"text-align: justify;\">Informamos a nuestros lectores, clientes y colaboradores que nuestra plataforma web Atento.com.do se encuentra temporalmente fuera de servicio debido a un ataque cibern\u00e9tico en nuestra base de datos sufrido la pasada semana.<\/p>\n<blockquote>\n<p style=\"text-align: center;\">Nuestro equipo t\u00e9cnico trabaja arduamente para restablecer el portal lo antes posible bajo estrictos protocolos de seguridad.<\/p>\n<\/blockquote>\n<p style=\"text-align: justify;\">El periodista Nelson Feliz, director ejecutivo, solicita su valiosa comprensi\u00f3n ante este inconveniente. \u00a1Volveremos muy pronto para seguir inform\u00e1ndoles con la veracidad de siempre!<\/p>\n<p>&nbsp;<\/p>\n<p>Fuente m: Equipo \u00abAtento RD\u00bb<\/p>\n","protected":false},"excerpt":{"rendered":"<p>SANTO DOMINGO. \u2013 El peri\u00f3dico digital Atento.com.do inform\u00f3 este martes que su plataforma tecnol\u00f3gica ha<\/p>\n","protected":false},"author":1,"featured_media":61508,"comment_status":"open","ping_status":"open","sticky":false,"template":"","format":"standard","meta":{"footnotes":""},"categories":[255],"tags":[],"class_list":["post-61507","post","type-post","status-publish","format-standard","has-post-thumbnail","hentry","category-comunicacion"],"_links":{"self":[{"href":"https:\/\/laverdadpublica.com\/index.php\/wp-json\/wp\/v2\/posts\/61507","targetHints":{"allow":["GET"]}}],"collection":[{"href":"https:\/\/laverdadpublica.com\/index.php\/wp-json\/wp\/v2\/posts"}],"about":[{"href":"https:\/\/laverdadpublica.com\/index.php\/wp-json\/wp\/v2\/types\/post"}],"author":[{"embeddable":true,"href":"https:\/\/laverdadpublica.com\/index.php\/wp-json\/wp\/v2\/users\/1"}],"replies":[{"embeddable":true,"href":"https:\/\/laverdadpublica.com\/index.php\/wp-json\/wp\/v2\/comments?post=61507"}],"version-history":[{"count":1,"href":"https:\/\/laverdadpublica.com\/index.php\/wp-json\/wp\/v2\/posts\/61507\/revisions"}],"predecessor-version":[{"id":61509,"href":"https:\/\/laverdadpublica.com\/index.php\/wp-json\/wp\/v2\/posts\/61507\/revisions\/61509"}],"wp:featuredmedia":[{"embeddable":true,"href":"https:\/\/laverdadpublica.com\/index.php\/wp-json\/wp\/v2\/media\/61508"}],"wp:attachment":[{"href":"https:\/\/laverdadpublica.com\/index.php\/wp-json\/wp\/v2\/media?parent=61507"}],"wp:term":[{"taxonomy":"category","embeddable":true,"href":"https:\/\/laverdadpublica.com\/index.php\/wp-json\/wp\/v2\/categories?post=61507"},{"taxonomy":"post_tag","embeddable":true,"href":"https:\/\/laverdadpublica.com\/index.php\/wp-json\/wp\/v2\/tags?post=61507"}],"curies":[{"name":"wp","href":"https:\/\/api.w.org\/{rel}","templated":true}]}}