{"id":62265,"date":"2026-07-13T15:29:42","date_gmt":"2026-07-13T15:29:42","guid":{"rendered":"https:\/\/laverdadpublica.com\/?p=62265"},"modified":"2026-07-13T23:31:38","modified_gmt":"2026-07-13T23:31:38","slug":"sky-high-dominicana-fortalece-su-flota-con-la-incorporacion-de-un-nuevo-boeing-737-700","status":"publish","type":"post","link":"https:\/\/laverdadpublica.com\/index.php\/2026\/07\/13\/sky-high-dominicana-fortalece-su-flota-con-la-incorporacion-de-un-nuevo-boeing-737-700\/","title":{"rendered":"Sky High Dominicana fortalece su flota con la incorporaci\u00f3n de un nuevo Boeing 737-700"},"content":{"rendered":"<blockquote>\n<p style=\"text-align: center;\">La nueva aeronave permitir\u00e1 incrementar la capacidad operativa de la aerol\u00ednea, responder al crecimiento de la demanda y continuar impulsando el desarrollo del turismo, el comercio y la integraci\u00f3n regional.<\/p>\n<\/blockquote>\n<p style=\"text-align: justify;\"><strong>Santo Domingo, Rep\u00fablica Dominicana.<\/strong> \u2013 Sky High Dominicana contin\u00faa fortaleciendo su plan de expansi\u00f3n con la incorporaci\u00f3n de un Boeing 737-700 a su flota, una decisi\u00f3n estrat\u00e9gica que incrementa su capacidad operativa y reafirma el compromiso de la aerol\u00ednea con el fortalecimiento de la conectividad entre la Rep\u00fablica Dominicana, el Caribe y el continente americano.<\/p>\n<p style=\"text-align: justify;\">La incorporaci\u00f3n de esta aeronave responde al crecimiento sostenido de la demanda en los mercados donde opera la compa\u00f1\u00eda y forma parte de una estrategia orientada a ampliar la oferta de asientos, optimizar la operaci\u00f3n y generar nuevas oportunidades de conectividad para pasajeros, empresas y destinos de la regi\u00f3n.<\/p>\n<p style=\"text-align: justify;\">Con este paso, Sky High Dominicana contin\u00faa consolidando un modelo de crecimiento sostenible basado en la eficiencia operacional, la expansi\u00f3n responsable de su red y el fortalecimiento de la Rep\u00fablica Dominicana como un importante centro de conexiones a\u00e9reas del Caribe.<\/p>\n<blockquote>\n<p style=\"text-align: center;\">\u00abLa conectividad a\u00e9rea es un motor de desarrollo econ\u00f3mico, tur\u00edstico y social para nuestros pa\u00edses. Cada aeronave que incorporamos representa una inversi\u00f3n en el futuro de nuestra red, en la confianza que depositan nuestros pasajeros y en nuestra capacidad para seguir conectando m\u00e1s destinos con un servicio seguro, eficiente y confiable. Este nuevo Boeing 737-700 refleja nuestra visi\u00f3n de crecimiento de largo plazo y nuestro compromiso con el fortalecimiento de la conectividad regional\u00bb, expres\u00f3 Cesarina Beauchanps, vicepresidenta ejecutiva de Sky High Dominicana.<\/p>\n<\/blockquote>\n<p style=\"text-align: justify;\">La nueva aeronave permitir\u00e1 incrementar la capacidad en rutas de alta demanda, ofrecer mayor flexibilidad operacional durante las temporadas de mayor tr\u00e1fico y respaldar el crecimiento sostenido de la red de destinos de la aerol\u00ednea. Asimismo, facilitar\u00e1 una respuesta m\u00e1s eficiente ante nuevas oportunidades comerciales y el aumento del flujo de pasajeros en los mercados donde Sky High Dominicana mantiene operaciones.<\/p>\n<p style=\"text-align: justify;\">Esta incorporaci\u00f3n se suma a las iniciativas desarrolladas por la empresa durante los \u00faltimos meses para fortalecer su infraestructura operacional, impulsar la formaci\u00f3n del talento aeron\u00e1utico, ampliar su participaci\u00f3n en proyectos de cooperaci\u00f3n regional y continuar consolid\u00e1ndose como uno de los principales conectores del Caribe.<\/p>\n<p style=\"text-align: justify;\">El Boeing 737-700 cuenta con capacidad para 143 pasajeros y est\u00e1 equipado con motores de \u00faltima generaci\u00f3n que ofrecen un excelente desempe\u00f1o, eficiencia en el consumo de combustible y altos niveles de confiabilidad operacional. Este modelo es ampliamente utilizado por aerol\u00edneas alrededor del mundo gracias a su versatilidad, eficiencia y desempe\u00f1o en operaciones de corto y mediano alcance.<\/p>\n<p style=\"text-align: justify;\">Con esta nueva incorporaci\u00f3n, Sky High Dominicana reafirma su compromiso con el desarrollo sostenible del transporte a\u00e9reo, la mejora continua de su servicio y el fortalecimiento de la conectividad de la Rep\u00fablica Dominicana y el Caribe, acercando m\u00e1s personas, destinos y oportunidades de crecimiento para la regi\u00f3n.<\/p>\n<p>Fuente: Prensa SKY<\/p>\n","protected":false},"excerpt":{"rendered":"<p>La nueva aeronave permitir\u00e1 incrementar la capacidad operativa de la aerol\u00ednea, responder al crecimiento de<\/p>\n","protected":false},"author":4,"featured_media":62266,"comment_status":"open","ping_status":"open","sticky":false,"template":"","format":"standard","meta":{"footnotes":""},"categories":[7],"tags":[],"class_list":["post-62265","post","type-post","status-publish","format-standard","has-post-thumbnail","hentry","category-nacionales"],"_links":{"self":[{"href":"https:\/\/laverdadpublica.com\/index.php\/wp-json\/wp\/v2\/posts\/62265","targetHints":{"allow":["GET"]}}],"collection":[{"href":"https:\/\/laverdadpublica.com\/index.php\/wp-json\/wp\/v2\/posts"}],"about":[{"href":"https:\/\/laverdadpublica.com\/index.php\/wp-json\/wp\/v2\/types\/post"}],"author":[{"embeddable":true,"href":"https:\/\/laverdadpublica.com\/index.php\/wp-json\/wp\/v2\/users\/4"}],"replies":[{"embeddable":true,"href":"https:\/\/laverdadpublica.com\/index.php\/wp-json\/wp\/v2\/comments?post=62265"}],"version-history":[{"count":2,"href":"https:\/\/laverdadpublica.com\/index.php\/wp-json\/wp\/v2\/posts\/62265\/revisions"}],"predecessor-version":[{"id":62268,"href":"https:\/\/laverdadpublica.com\/index.php\/wp-json\/wp\/v2\/posts\/62265\/revisions\/62268"}],"wp:featuredmedia":[{"embeddable":true,"href":"https:\/\/laverdadpublica.com\/index.php\/wp-json\/wp\/v2\/media\/62266"}],"wp:attachment":[{"href":"https:\/\/laverdadpublica.com\/index.php\/wp-json\/wp\/v2\/media?parent=62265"}],"wp:term":[{"taxonomy":"category","embeddable":true,"href":"https:\/\/laverdadpublica.com\/index.php\/wp-json\/wp\/v2\/categories?post=62265"},{"taxonomy":"post_tag","embeddable":true,"href":"https:\/\/laverdadpublica.com\/index.php\/wp-json\/wp\/v2\/tags?post=62265"}],"curies":[{"name":"wp","href":"https:\/\/api.w.org\/{rel}","templated":true}]}}