{"id":62971,"date":"2026-07-26T08:00:16","date_gmt":"2026-07-26T08:00:16","guid":{"rendered":"https:\/\/laverdadpublica.com\/?p=62971"},"modified":"2026-07-26T12:02:07","modified_gmt":"2026-07-26T12:02:07","slug":"opinion-del-editor-el-dia-del-padre-es-un-llamado-a-honrar-el-ejemplo-que-construye-la-nacion","status":"publish","type":"post","link":"https:\/\/laverdadpublica.com\/index.php\/2026\/07\/26\/opinion-del-editor-el-dia-del-padre-es-un-llamado-a-honrar-el-ejemplo-que-construye-la-nacion\/","title":{"rendered":"Opini\u00f3n del Editor: El D\u00eda del Padre es un llamado a honrar el ejemplo que construye la naci\u00f3n"},"content":{"rendered":"<blockquote>\n<p style=\"text-align: center;\">\u00abEl Licdo. Manuel F\u00e9lix Rubio nos invita a reflexionar sobre reconocer a los padres en su d\u00eda y siempre es tambi\u00e9n fortalecer los valores, la familia y el futuro de la Rep\u00fablica Dominicana\u00bb<\/p>\n<\/blockquote>\n<p style=\"text-align: justify;\"><strong>Santo Domingo.<\/strong> Cada \u00faltimo domingo de julio, la Rep\u00fablica Dominicana celebra el D\u00eda del Padre, una fecha que invita a reconocer el valor de aquellos hombres que, desde el amor, la responsabilidad y el sacrificio, han asumido la misi\u00f3n de formar generaciones con principios y esperanza.<\/p>\n<p style=\"text-align: justify;\">\u00a0M\u00e1s que una celebraci\u00f3n comercial, esta conmemoraci\u00f3n debe convertirse en un momento de profunda reflexi\u00f3n sobre el papel insustituible que desempe\u00f1a la figura paterna en la sociedad.<\/p>\n<blockquote>\n<p style=\"text-align: center;\">\u00abSer padre trasciende el v\u00ednculo biol\u00f3gico. Es una vocaci\u00f3n que exige compromiso permanente, capacidad para orientar con el ejemplo y fortaleza para enfrentar los desaf\u00edos que impone la vida moderna.\u00bb<\/p>\n<\/blockquote>\n<p style=\"text-align: justify;\">Un padre presente no solo provee el sustento material de su hogar; tambi\u00e9n transmite valores, inspira confianza, ense\u00f1a el respeto, fomenta la disciplina y acompa\u00f1a el crecimiento emocional de sus hijos.<\/p>\n<blockquote>\n<p style=\"text-align: center;\">\u00abHoy, cuando las familias enfrentan m\u00faltiples retos sociales, econ\u00f3micos y culturales, la presencia activa de un padre comprometido representa uno de los pilares fundamentales para la construcci\u00f3n de una sociedad m\u00e1s justa, segura y solidaria\u00bb .<\/p>\n<\/blockquote>\n<p style=\"text-align: justify;\">La educaci\u00f3n comienza en el hogar, y son los padres, junto a las madres, quienes tienen la responsabilidad de sembrar las semillas de la honestidad, la responsabilidad y el amor al pr\u00f3jimo.<\/p>\n<p style=\"text-align: justify;\">No podemos dejar de reconocer a aquellos hombres que, aun en medio de dificultades, han sabido cumplir con dignidad su rol, convirti\u00e9ndose en referentes para sus hijos y para sus comunidades. Tambi\u00e9n es oportuno recordar a quienes ejercen la paternidad desde otros espacios: abuelos, t\u00edos, padrastros y tutores que han asumido con entrega la responsabilidad de orientar y proteger a una nueva generaci\u00f3n.<\/p>\n<p style=\"text-align: justify;\">Este D\u00eda del Padre debe servir para agradecer, pero tambi\u00e9n para promover una cultura de paternidad responsable. Nuestro pa\u00eds necesita m\u00e1s hombres comprometidos con la crianza, la educaci\u00f3n y el bienestar integral de sus hijos, conscientes de que cada consejo, cada abrazo y cada ejemplo positivo deja una huella imborrable en el futuro de la naci\u00f3n.<\/p>\n<p style=\"text-align: justify;\">Celebrar a los padres es reconocer el esfuerzo silencioso de quienes trabajan cada d\u00eda para ofrecer mejores oportunidades a sus familias. Es valorar a quienes ense\u00f1an que la verdadera autoridad nace del respeto, la coherencia y el amor.<\/p>\n<p style=\"text-align: justify;\">En esta fecha especial, rendimos homenaje a todos los padres dominicanos, especialmente a aquellos que han hecho de la honestidad, el trabajo y el servicio su legado m\u00e1s valioso. Que este d\u00eda sea una oportunidad para fortalecer los lazos familiares y reafirmar el compromiso de construir una Rep\u00fablica Dominicana donde la familia contin\u00fae siendo el principal motor del desarrollo humano.<\/p>\n<p>&nbsp;<\/p>\n<p>Fuente: Redacci\u00f3n DFV<\/p>\n","protected":false},"excerpt":{"rendered":"<p>\u00abEl Licdo. Manuel F\u00e9lix Rubio nos invita a reflexionar sobre reconocer a los padres en<\/p>\n","protected":false},"author":1,"featured_media":62974,"comment_status":"open","ping_status":"open","sticky":false,"template":"","format":"standard","meta":{"footnotes":""},"categories":[8],"tags":[],"class_list":["post-62971","post","type-post","status-publish","format-standard","has-post-thumbnail","hentry","category-editorial"],"_links":{"self":[{"href":"https:\/\/laverdadpublica.com\/index.php\/wp-json\/wp\/v2\/posts\/62971","targetHints":{"allow":["GET"]}}],"collection":[{"href":"https:\/\/laverdadpublica.com\/index.php\/wp-json\/wp\/v2\/posts"}],"about":[{"href":"https:\/\/laverdadpublica.com\/index.php\/wp-json\/wp\/v2\/types\/post"}],"author":[{"embeddable":true,"href":"https:\/\/laverdadpublica.com\/index.php\/wp-json\/wp\/v2\/users\/1"}],"replies":[{"embeddable":true,"href":"https:\/\/laverdadpublica.com\/index.php\/wp-json\/wp\/v2\/comments?post=62971"}],"version-history":[{"count":1,"href":"https:\/\/laverdadpublica.com\/index.php\/wp-json\/wp\/v2\/posts\/62971\/revisions"}],"predecessor-version":[{"id":62973,"href":"https:\/\/laverdadpublica.com\/index.php\/wp-json\/wp\/v2\/posts\/62971\/revisions\/62973"}],"wp:featuredmedia":[{"embeddable":true,"href":"https:\/\/laverdadpublica.com\/index.php\/wp-json\/wp\/v2\/media\/62974"}],"wp:attachment":[{"href":"https:\/\/laverdadpublica.com\/index.php\/wp-json\/wp\/v2\/media?parent=62971"}],"wp:term":[{"taxonomy":"category","embeddable":true,"href":"https:\/\/laverdadpublica.com\/index.php\/wp-json\/wp\/v2\/categories?post=62971"},{"taxonomy":"post_tag","embeddable":true,"href":"https:\/\/laverdadpublica.com\/index.php\/wp-json\/wp\/v2\/tags?post=62971"}],"curies":[{"name":"wp","href":"https:\/\/api.w.org\/{rel}","templated":true}]}}