{"id":62978,"date":"2026-07-26T09:24:04","date_gmt":"2026-07-26T09:24:04","guid":{"rendered":"https:\/\/laverdadpublica.com\/?p=62978"},"modified":"2026-07-26T14:25:49","modified_gmt":"2026-07-26T14:25:49","slug":"ejercito-detiene-a-29-haitianos-indocumentados-en-un-camion-de-carga-tipo-furgon-tras-persecucion-en-valverde","status":"publish","type":"post","link":"https:\/\/laverdadpublica.com\/index.php\/2026\/07\/26\/ejercito-detiene-a-29-haitianos-indocumentados-en-un-camion-de-carga-tipo-furgon-tras-persecucion-en-valverde\/","title":{"rendered":"Ej\u00e9rcito detiene a 29 haitianos indocumentados en un cami\u00f3n de carga tipo furg\u00f3n tras persecuci\u00f3n en Valverde"},"content":{"rendered":"<blockquote>\n<p style=\"text-align: center;\"><span style=\"text-align: center;\">\u00abEl conductor intent\u00f3 evadir una patrulla militar en la Autopista Duarte perdiendo el control del veh\u00edculo en las proximidades del Cruce de Guayacanes\u00bb\u00a0<\/span><\/p>\n<\/blockquote>\n<p style=\"text-align: justify;\">\u00a0 \u00a0 \u00a0 \u00a0 \u00a0 \u00a0 \u00a0 \u00a0 \u00a0 \u00a0 \u00a0 \u00a0 \u00a0 \u00a0 \u00a0 \u00a0 \u00a0 \u00a0 \u00a0 \u00a0 \u00a0 \u00a0 \u00a0 \u00a0 \u00a0 \u00a0 \u00a0 \u00a0 \u00a0 \u00a0 \u00a0 \u00a0 \u00a0 \u00a0 \u00a0 \u00a0 \u00a0 \u00a0 <strong>Valverde, R.D.<\/strong> \u2013 Tras una labor de inteligencia miembros del Ej\u00e9rcito de Rep\u00fablica Dominicana (ERD) detuvieron al conductor de un cami\u00f3n que ocultaba a veintinueve (29) nacionales haitianos indocumentados en el furg\u00f3n de un veh\u00edculo de carga cuando fue interceptado en la provincia Valverde.<\/p>\n<p style=\"text-align: justify;\">La interdicci\u00f3n fue llevada a cabo por soldados de la 4ta. Brigada de Infanter\u00eda, quienes interceptaron el veh\u00edculo de carga cerrado Hyundai Porte II, color blanco, cuando transitaba por la Autopista Duarte, pr\u00f3ximo al Cruce de Guayacanes.<\/p>\n<p style=\"text-align: justify;\">De acuerdo con el informe militar, el conductor, identificado como Misael Antonio Zapata L\u00f3pez, al notar la presencia de la patrulla emprendi\u00f3 la huida, origin\u00e1ndose una persecuci\u00f3n. Durante la maniobra de escape intent\u00f3 realizar un giro a alta velocidad, perdiendo el control del veh\u00edculo volc\u00e1ndose en la v\u00eda.<\/p>\n<p style=\"text-align: justify;\">Tras el accidente, el conductor fue detenido por la patrulla del ERD actuante. Al inspeccionar el veh\u00edculo, los soldados encontraron a dos (2) nacionales haitianos en el asiento delantero del pasajero y a otros veintisiete (27) m\u00e1s en la parte trasera del furg\u00f3n, para un total de veintinueve (29) extranjeros en condici\u00f3n migratoria irregular, entre ellos, diecinueve (19) hombres, nueve (9) mujeres y una (1) menor de edad.<\/p>\n<p style=\"text-align: justify;\">El conductor, los extranjeros detenidos y el veh\u00edculo ocupado fueron trasladados bajo custodia militar a la sede de la 4ta. Brigada de Infanter\u00eda, donde fueron puestos a disposici\u00f3n del Ministerio P\u00fablico y de la Direcci\u00f3n General de Migraci\u00f3n (DGM) para los procedimientos legales correspondientes.<\/p>\n<p style=\"text-align: justify;\">El Ej\u00e9rcito de Rep\u00fablica Dominicana mantiene de manera permanente las operaciones de vigilancia, patrullaje e interdicci\u00f3n en la l\u00ednea fronteriza y en otras \u00e1reas bajo su responsabilidad, con el prop\u00f3sito de combatir las redes dedicadas al tr\u00e1fico il\u00edcito de migrantes y fortalecer la seguridad del territorio nacional.<\/p>\n<p>&nbsp;<\/p>\n<p>Fuente: Ej\u00e9rcito de Rep\u00fablica Dominicana<\/p>\n","protected":false},"excerpt":{"rendered":"<p>\u00abEl conductor intent\u00f3 evadir una patrulla militar en la Autopista Duarte perdiendo el control del<\/p>\n","protected":false},"author":1,"featured_media":62979,"comment_status":"open","ping_status":"open","sticky":false,"template":"","format":"standard","meta":{"footnotes":""},"categories":[7],"tags":[],"class_list":["post-62978","post","type-post","status-publish","format-standard","has-post-thumbnail","hentry","category-nacionales"],"_links":{"self":[{"href":"https:\/\/laverdadpublica.com\/index.php\/wp-json\/wp\/v2\/posts\/62978","targetHints":{"allow":["GET"]}}],"collection":[{"href":"https:\/\/laverdadpublica.com\/index.php\/wp-json\/wp\/v2\/posts"}],"about":[{"href":"https:\/\/laverdadpublica.com\/index.php\/wp-json\/wp\/v2\/types\/post"}],"author":[{"embeddable":true,"href":"https:\/\/laverdadpublica.com\/index.php\/wp-json\/wp\/v2\/users\/1"}],"replies":[{"embeddable":true,"href":"https:\/\/laverdadpublica.com\/index.php\/wp-json\/wp\/v2\/comments?post=62978"}],"version-history":[{"count":1,"href":"https:\/\/laverdadpublica.com\/index.php\/wp-json\/wp\/v2\/posts\/62978\/revisions"}],"predecessor-version":[{"id":62980,"href":"https:\/\/laverdadpublica.com\/index.php\/wp-json\/wp\/v2\/posts\/62978\/revisions\/62980"}],"wp:featuredmedia":[{"embeddable":true,"href":"https:\/\/laverdadpublica.com\/index.php\/wp-json\/wp\/v2\/media\/62979"}],"wp:attachment":[{"href":"https:\/\/laverdadpublica.com\/index.php\/wp-json\/wp\/v2\/media?parent=62978"}],"wp:term":[{"taxonomy":"category","embeddable":true,"href":"https:\/\/laverdadpublica.com\/index.php\/wp-json\/wp\/v2\/categories?post=62978"},{"taxonomy":"post_tag","embeddable":true,"href":"https:\/\/laverdadpublica.com\/index.php\/wp-json\/wp\/v2\/tags?post=62978"}],"curies":[{"name":"wp","href":"https:\/\/api.w.org\/{rel}","templated":true}]}}