{"id":63094,"date":"2026-07-28T10:48:34","date_gmt":"2026-07-28T10:48:34","guid":{"rendered":"https:\/\/laverdadpublica.com\/?p=63094"},"modified":"2026-07-28T13:40:12","modified_gmt":"2026-07-28T13:40:12","slug":"defensor-del-pueblo-promueve-implementacion-de-nuevo-codigo-penal","status":"publish","type":"post","link":"https:\/\/laverdadpublica.com\/index.php\/2026\/07\/28\/defensor-del-pueblo-promueve-implementacion-de-nuevo-codigo-penal\/","title":{"rendered":"Defensor del Pueblo promueve implementaci\u00f3n de nuevo C\u00f3digo Penal\u00a0"},"content":{"rendered":"<blockquote>\n<p style=\"text-align: center;\">Junto a juristas y UNAPEC realiza conservatorio sobre la pieza, donde aclar\u00f3 que promulgarla no significa cerrar el debate, sino trasladarlo responsablemente al terreno de la aplicaci\u00f3n pr\u00e1ctica, la evaluaci\u00f3n y el perfeccionamiento institucional.<\/p>\n<\/blockquote>\n<p style=\"text-align: justify;\"><strong>Santo Domingo<\/strong>. \u2013 El Defensor del Pueblo en coordinaci\u00f3n con la Universidad APEC (UNAPEC), a trav\u00e9s de la Facultad de Humanidades y Derecho, desarroll\u00f3 un conversatorio para analizar el contenido del nuevo C\u00f3digo Penal y reflexionar sobre los desaf\u00edos de su implementaci\u00f3n.<\/p>\n<p style=\"text-align: justify;\">All\u00ed se destac\u00f3 la importancia de que esta normativa entre en vigor como resultado de un amplio proceso democr\u00e1tico.<\/p>\n<p style=\"text-align: justify;\">Durante el encuentro, el Defensor del Pueblo, Pablo Ulloa sostuvo que el pa\u00eds se encuentra en un momento que exige actuar con serenidad, sentido hist\u00f3rico y responsabilidad de Estado. A su juicio, esto debe hacerse respetando plenamente las atribuciones constitucionales del Poder Ejecutivo.<\/p>\n<p style=\"text-align: justify;\">En ese contexto, la instituci\u00f3n consider\u00f3 oportuna la promulgaci\u00f3n del nuevo C\u00f3digo Penal como la culminaci\u00f3n de un largo proceso democr\u00e1tico y el inicio de una nueva etapa orientada a su implementaci\u00f3n, observaci\u00f3n y mejora continua.<\/p>\n<p style=\"text-align: justify;\">Asimismo, se\u00f1al\u00f3 que ninguna legislaci\u00f3n est\u00e1 exenta de aspectos susceptibles de perfeccionamiento. No obstante, consider\u00f3 que una democracia s\u00f3lida no debe paralizarse ante esa realidad, sino poner en funcionamiento sus instituciones y fortalecerlas mediante la evaluaci\u00f3n permanente y el consenso.<\/p>\n<blockquote>\n<p style=\"text-align: center;\">El Defensor del Pueblo enfatiz\u00f3 que \u00abpromulgar el C\u00f3digo Penal no significa cerrar el debate, sino trasladarlo responsablemente al terreno de la aplicaci\u00f3n pr\u00e1ctica, la evaluaci\u00f3n y el perfeccionamiento institucional\u00bb.<\/p>\n<\/blockquote>\n<p style=\"text-align: justify;\">Como parte de las propuestas presentadas durante el conversatorio, la instituci\u00f3n plante\u00f3 al Congreso Nacional la creaci\u00f3n de una Comisi\u00f3n Bicameral Especial para evaluar la implementaci\u00f3n del C\u00f3digo Penal. Indic\u00f3 que la misma deber\u00e1 ser acompa\u00f1ada por especialistas en derecho penal, procesal penal, constitucional, as\u00ed como en t\u00e9cnica legislativa y representantes de las principales instituciones del sistema de justicia dominicano.<\/p>\n<blockquote>\n<p style=\"text-align: center;\">\u00abTranscurridos los primeros 90 d\u00edas de aplicaci\u00f3n, esta comisi\u00f3n podr\u00eda presentar al pa\u00eds un informe t\u00e9cnico sustentado en la experiencia y, de ser necesario, un proyecto de ley que permita perfeccionar tanto el C\u00f3digo Penal como el C\u00f3digo Procesal Penal\u00bb, prosigui\u00f3.<\/p>\n<\/blockquote>\n<p style=\"text-align: justify;\">Ulloa a\u00f1adi\u00f3 que<em> \u00abcorregir una ley a partir de la evidencia no debilita al legislador, sino que fortalece la democracia\u00bb<\/em>.<\/p>\n<p style=\"text-align: justify;\">Finalmente, el Defensor del Pueblo reiter\u00f3 que dicha correcci\u00f3n contribuir\u00eda a la construcci\u00f3n de un sistema de justicia m\u00e1s eficiente, garantista y acorde con las necesidades de la sociedad dominicana.<\/p>\n<p style=\"text-align: justify;\">Por su parte, el rector de UNAPEC, mag\u00edster Erik P\u00e9rez Vega, al encabezar las palabras de bienvenida, destac\u00f3 que para la academia constituye un privilegio abrir un espacio de an\u00e1lisis sobre uno de los temas de mayor trascendencia para la justicia dominicana: la implementaci\u00f3n del nuevo C\u00f3digo Penal. Se\u00f1al\u00f3 que este panel, organizado por la Facultad de Humanidades y Derecho en coordinaci\u00f3n con el Defensor del Pueblo, reafirma el compromiso de la universidad con la discusi\u00f3n de los grandes desaf\u00edos nacionales y con la formaci\u00f3n de profesionales capaces de aportar soluciones al pa\u00eds.<\/p>\n<p style=\"text-align: justify;\">P\u00e9rez Vega resalt\u00f3 que el encuentro re\u00fane a reconocidos juristas para examinar las principales transformaciones que introduce la nueva legislaci\u00f3n, entre ellas el aumento de las penas, la incorporaci\u00f3n de nuevos tipos penales, la responsabilidad de las personas jur\u00eddicas y el fortalecimiento de las sanciones contra la corrupci\u00f3n y otros delitos.<\/p>\n<blockquote>\n<p style=\"text-align: center;\">\u201cEstos espacios permiten a estudiantes, docentes, profesionales del Derecho y a la ciudadan\u00eda acceder a an\u00e1lisis de alto nivel sobre una reforma que tendr\u00e1 un impacto significativo en el sistema judicial dominicano\u201d, afirm\u00f3 el magister.<\/p>\n<\/blockquote>\n<p style=\"text-align: justify;\">El rector enfatiz\u00f3, adem\u00e1s, que en esta nueva etapa institucional UNAPEC apuesta por consolidarse como un referente acad\u00e9mico en los debates de mayor relevancia para la Rep\u00fablica Dominicana y la regi\u00f3n del Caribe. Expres\u00f3 que la universidad continuar\u00e1 promoviendo escenarios de reflexi\u00f3n cr\u00edtica que contribuyan al fortalecimiento del Estado de derecho, el pensamiento jur\u00eddico y el desarrollo de una sociedad m\u00e1s justa, democr\u00e1tica y comprometida con el bienestar colectivo.<\/p>\n<p style=\"text-align: justify;\">En el panel participaron, adem\u00e1s, el abogado litigante Miguel Valerio; Mirna Ortiz, titular de la Procuradur\u00eda Especializada de Persecuci\u00f3n de la Corrupci\u00f3n Administrativa (Pepca); la magistrada Giselle M\u00e9ndez, presidenta del Primer Tribunal Colegiado del Distrito Nacional; as\u00ed como Harold Modesto, profesor en Derecho Penal de UNAPEC, y Ricardo Rojas Le\u00f3n, jurista y catedr\u00e1tico en Derecho Penal.<\/p>\n<p style=\"text-align: justify;\">El encuentro fue moderado por Alejandro Moscoso Segarra, decano de la Facultad de Humanidades y Derecho de UNAPEC, y coordinador del C\u00f3digo Penal Comentado que publica la Escuela Nacional de la Judicatura (ENJ)<\/p>\n<p>Fuente: Prensa UNAPEC<\/p>\n","protected":false},"excerpt":{"rendered":"<p>Junto a juristas y UNAPEC realiza conservatorio sobre la pieza, donde aclar\u00f3 que promulgarla no<\/p>\n","protected":false},"author":1,"featured_media":63095,"comment_status":"open","ping_status":"open","sticky":false,"template":"","format":"standard","meta":{"footnotes":""},"categories":[7],"tags":[],"class_list":["post-63094","post","type-post","status-publish","format-standard","has-post-thumbnail","hentry","category-nacionales"],"_links":{"self":[{"href":"https:\/\/laverdadpublica.com\/index.php\/wp-json\/wp\/v2\/posts\/63094","targetHints":{"allow":["GET"]}}],"collection":[{"href":"https:\/\/laverdadpublica.com\/index.php\/wp-json\/wp\/v2\/posts"}],"about":[{"href":"https:\/\/laverdadpublica.com\/index.php\/wp-json\/wp\/v2\/types\/post"}],"author":[{"embeddable":true,"href":"https:\/\/laverdadpublica.com\/index.php\/wp-json\/wp\/v2\/users\/1"}],"replies":[{"embeddable":true,"href":"https:\/\/laverdadpublica.com\/index.php\/wp-json\/wp\/v2\/comments?post=63094"}],"version-history":[{"count":1,"href":"https:\/\/laverdadpublica.com\/index.php\/wp-json\/wp\/v2\/posts\/63094\/revisions"}],"predecessor-version":[{"id":63096,"href":"https:\/\/laverdadpublica.com\/index.php\/wp-json\/wp\/v2\/posts\/63094\/revisions\/63096"}],"wp:featuredmedia":[{"embeddable":true,"href":"https:\/\/laverdadpublica.com\/index.php\/wp-json\/wp\/v2\/media\/63095"}],"wp:attachment":[{"href":"https:\/\/laverdadpublica.com\/index.php\/wp-json\/wp\/v2\/media?parent=63094"}],"wp:term":[{"taxonomy":"category","embeddable":true,"href":"https:\/\/laverdadpublica.com\/index.php\/wp-json\/wp\/v2\/categories?post=63094"},{"taxonomy":"post_tag","embeddable":true,"href":"https:\/\/laverdadpublica.com\/index.php\/wp-json\/wp\/v2\/tags?post=63094"}],"curies":[{"name":"wp","href":"https:\/\/api.w.org\/{rel}","templated":true}]}}