{"id":63108,"date":"2026-07-28T11:34:19","date_gmt":"2026-07-28T11:34:19","guid":{"rendered":"https:\/\/laverdadpublica.com\/?p=63108"},"modified":"2026-07-28T15:35:54","modified_gmt":"2026-07-28T15:35:54","slug":"director-general-de-aeronautica-civil-de-chile-conoce-capacidades-operativas-y-formativas-del-cesac-durante-visita-oficial","status":"publish","type":"post","link":"https:\/\/laverdadpublica.com\/index.php\/2026\/07\/28\/director-general-de-aeronautica-civil-de-chile-conoce-capacidades-operativas-y-formativas-del-cesac-durante-visita-oficial\/","title":{"rendered":"Director General de Aeron\u00e1utica Civil de Chile conoce capacidades operativas y formativas del CESAC durante visita oficial"},"content":{"rendered":"<p>Por F\u00e9lix Rubio<\/p>\n<p style=\"text-align: justify;\"><strong>Santo Domingo.-<\/strong> El Cuerpo Especializado en Seguridad Aeroportuaria y de la Aviaci\u00f3n Civil (CESAC) recibi\u00f3 la visita oficial de cortes\u00eda del General de Brigada A\u00e9rea (A) Humberto Fern\u00e1ndez Pittari, Director General de Aeron\u00e1utica Civil de Chile, quien fue recibido por el director general de la instituci\u00f3n, General de Brigada Piloto Enmanuel Souffront Tamayo, FARD, en el marco del fortalecimiento de las relaciones de cooperaci\u00f3n e intercambio de experiencias entre organismos responsables de la seguridad y protecci\u00f3n de la aviaci\u00f3n civil en la regi\u00f3n.<\/p>\n<p style=\"text-align: justify;\">Durante el encuentro, ambas autoridades sostuvieron una reuni\u00f3n de trabajo en la que abordaron temas de inter\u00e9s com\u00fan vinculados a la seguridad de la aviaci\u00f3n civil, la implementaci\u00f3n de est\u00e1ndares internacionales, el desarrollo de capacidades institucionales y los desaf\u00edos que enfrenta el sector ante la evoluci\u00f3n de las amenazas que impactan el sistema de transporte a\u00e9reo.<\/p>\n<p style=\"text-align: justify;\">Como parte de la agenda, el General Fern\u00e1ndez Pittari realiz\u00f3 un recorrido por las principales dependencias del CESAC, acompa\u00f1ado por la sra Patricia de Andraca, y tambien particip\u00f3 Dra. Roxana Corbran, presidenta de la Asociaci\u00f3n Latinoamericana de Derecho Aeron\u00e1utico y Espacial (ALADA), donde recibi\u00f3 una presentaci\u00f3n sobre la estructura organizacional, las funciones estrat\u00e9gicas de la instituci\u00f3n y los procesos que sustentan el Sistema Nacional de Seguridad de la Aviaci\u00f3n Civil de la Rep\u00fablica Dominicana.<\/p>\n<p style=\"text-align: justify;\">La visita incluy\u00f3 las \u00e1reas operativas encargadas de la inspecci\u00f3n y protecci\u00f3n aeroportuaria, los centros de monitoreo y coordinaci\u00f3n, as\u00ed como la Escuela de Seguridad de la Aviaci\u00f3n Civil (ESAC), donde conocieron el modelo de formaci\u00f3n y capacitaci\u00f3n especializada que desarrolla el CESAC para la preparaci\u00f3n continua de inspectores AVSEC, supervisores y personal operativo, conforme a las disposiciones del Anexo 17 al Convenio sobre Aviaci\u00f3n Civil Internacional y los lineamientos establecidos por la Organizaci\u00f3n de Aviaci\u00f3n Civil Internacional (OACI).<\/p>\n<p style=\"text-align: justify;\">Asimismo, fueron presentados los avances institucionales alcanzados en materia de modernizaci\u00f3n tecnol\u00f3gica, fortalecimiento de la infraestructura, gesti\u00f3n de la calidad, entrenamiento especializado y mejora continua de los procesos operacionales, iniciativas que han contribuido al posicionamiento del CESAC como un referente regional en la aplicaci\u00f3n de las normas internacionales de seguridad de la aviaci\u00f3n civil.<\/p>\n<p style=\"text-align: justify;\">El director general del CESAC, General de Brigada Piloto Enmanuel Souffront Tamayo, FARD, agradeci\u00f3 la distinguida visita del Director General de Aeron\u00e1utica Civil de Chile y destac\u00f3 la importancia de estos espacios de intercambio para compartir experiencias, buenas pr\u00e1cticas y conocimientos t\u00e9cnicos que favorecen el desarrollo de capacidades entre las autoridades de aviaci\u00f3n civil de los Estados miembros.<\/p>\n<p style=\"text-align: justify;\">Por su parte, el General de Brigada A\u00e9rea (A) Humberto Fern\u00e1ndez Pittari valor\u00f3 el nivel de organizaci\u00f3n, profesionalismo y desarrollo institucional evidenciado durante el recorrido, resaltando las capacidades operativas, los programas de formaci\u00f3n y el compromiso del CESAC con la protecci\u00f3n de la aviaci\u00f3n civil y el cumplimiento de los est\u00e1ndares internacionales.<\/p>\n<p style=\"text-align: justify;\">La visita reafirma los lazos de cooperaci\u00f3n entre la Rep\u00fablica Dominicana y la Rep\u00fablica de Chile en materia de seguridad de la aviaci\u00f3n civil, promoviendo el intercambio t\u00e9cnico y la colaboraci\u00f3n entre instituciones responsables de preservar la seguridad, eficiencia y resiliencia del transporte a\u00e9reo en la regi\u00f3n.<\/p>\n<p>&nbsp;<\/p>\n<p>Fuente: Prensa CESAC<\/p>\n","protected":false},"excerpt":{"rendered":"<p>Por F\u00e9lix Rubio Santo Domingo.- El Cuerpo Especializado en Seguridad Aeroportuaria y de la Aviaci\u00f3n<\/p>\n","protected":false},"author":1,"featured_media":63110,"comment_status":"open","ping_status":"open","sticky":false,"template":"","format":"standard","meta":{"footnotes":""},"categories":[7],"tags":[],"class_list":["post-63108","post","type-post","status-publish","format-standard","has-post-thumbnail","hentry","category-nacionales"],"_links":{"self":[{"href":"https:\/\/laverdadpublica.com\/index.php\/wp-json\/wp\/v2\/posts\/63108","targetHints":{"allow":["GET"]}}],"collection":[{"href":"https:\/\/laverdadpublica.com\/index.php\/wp-json\/wp\/v2\/posts"}],"about":[{"href":"https:\/\/laverdadpublica.com\/index.php\/wp-json\/wp\/v2\/types\/post"}],"author":[{"embeddable":true,"href":"https:\/\/laverdadpublica.com\/index.php\/wp-json\/wp\/v2\/users\/1"}],"replies":[{"embeddable":true,"href":"https:\/\/laverdadpublica.com\/index.php\/wp-json\/wp\/v2\/comments?post=63108"}],"version-history":[{"count":1,"href":"https:\/\/laverdadpublica.com\/index.php\/wp-json\/wp\/v2\/posts\/63108\/revisions"}],"predecessor-version":[{"id":63109,"href":"https:\/\/laverdadpublica.com\/index.php\/wp-json\/wp\/v2\/posts\/63108\/revisions\/63109"}],"wp:featuredmedia":[{"embeddable":true,"href":"https:\/\/laverdadpublica.com\/index.php\/wp-json\/wp\/v2\/media\/63110"}],"wp:attachment":[{"href":"https:\/\/laverdadpublica.com\/index.php\/wp-json\/wp\/v2\/media?parent=63108"}],"wp:term":[{"taxonomy":"category","embeddable":true,"href":"https:\/\/laverdadpublica.com\/index.php\/wp-json\/wp\/v2\/categories?post=63108"},{"taxonomy":"post_tag","embeddable":true,"href":"https:\/\/laverdadpublica.com\/index.php\/wp-json\/wp\/v2\/tags?post=63108"}],"curies":[{"name":"wp","href":"https:\/\/api.w.org\/{rel}","templated":true}]}}