{"id":63510,"date":"2026-08-06T16:56:03","date_gmt":"2026-08-06T16:56:03","guid":{"rendered":"https:\/\/laverdadpublica.com\/?p=63510"},"modified":"2026-08-06T16:56:03","modified_gmt":"2026-08-06T16:56:03","slug":"jovenes-fortalecen-habilidades-y-descubren-el-valor-del-trabajo-durante-pasantias-en-infotep","status":"publish","type":"post","link":"https:\/\/laverdadpublica.com\/index.php\/2026\/08\/06\/jovenes-fortalecen-habilidades-y-descubren-el-valor-del-trabajo-durante-pasantias-en-infotep\/","title":{"rendered":"J\u00f3venes fortalecen habilidades y descubren el valor del trabajo durante pasant\u00edas en INFOTEP"},"content":{"rendered":"<p><span style=\"color: #000000;\"><b>Santo Domingo<\/b>. -El Instituto Nacional de Formaci\u00f3n T\u00e9cnico Profesional (INFOTEP) concluy\u00f3 la quinta edici\u00f3n de su Programa de Pasant\u00edas 2026, una iniciativa que permiti\u00f3 a 80 j\u00f3venes hijos de colaboradores, pensionados y miembros de la Junta de Directores fortalecer sus habilidades, adquirir nuevos conocimientos y vivir su primera experiencia en el mundo laboral.<\/span><\/p>\n<p><span style=\"color: #000000;\">El programa cont\u00f3 con la participaci\u00f3n de una joven no vidente, reafirmando el compromiso institucional con la inclusi\u00f3n, la igualdad de oportunidades y el acceso de todas las personas a experiencias de formaci\u00f3n y desarrollo.<\/span><\/p>\n<p><span style=\"color: #000000;\">La directora general del INFOTEP, Maira Morla Pineda, felicit\u00f3 a los participantes y destac\u00f3 que la pasant\u00eda les permiti\u00f3 conocer de cerca la misi\u00f3n que desarrolla el INFOTEP y valorar el compromiso de sus padres con la formaci\u00f3n t\u00e9cnico profesional y el desarrollo del pa\u00eds.<\/span><\/p>\n<blockquote><p><span style=\"color: #000000;\">\u00abEste programa de pasant\u00edas es mucho m\u00e1s que una experiencia de verano; es una oportunidad para que nuestros j\u00f3venes descubran el valor del trabajo, desarrollen habilidades para la vida y comprendan que el esfuerzo, la disciplina y la formaci\u00f3n son las herramientas que les abrir\u00e1n las puertas de su futuro.\u00bb<\/span><span style=\"color: #000000;\">\u00a0<\/span><\/p><\/blockquote>\n<p><span style=\"color: #000000;\">Destac\u00f3 que, adem\u00e1s de adquirir conocimientos y competencias, los participantes tuvieron la oportunidad de conocer el funcionamiento de una instituci\u00f3n comprometida con el desarrollo del talento humano y la productividad del pa\u00eds, fortaleciendo su sentido de responsabilidad, servicio y compromiso con la sociedad.<\/span><\/p>\n<p><span style=\"color: #000000;\">La directora de Gesti\u00f3n Humana, Margarita Aquino, resalt\u00f3 el entusiasmo, la responsabilidad y el compromiso demostrados por los participantes durante las cuatro semanas de pasant\u00eda.<\/span><\/p>\n<blockquote><p><span style=\"color: #000000;\">\u00abEsperamos que ustedes hayan adquirido nuevos conocimientos, fortalecido sus habilidades y descubierto el valor del compa\u00f1erismo, el trabajo en equipo y la vocaci\u00f3n de servicio\u00bb, manifest\u00f3.<\/span><\/p><\/blockquote>\n<p><span style=\"color: #000000;\">En representaci\u00f3n de los pasantes, Montserrat Rodr\u00edguez Escoboza, de la Oficina Nacional, agradeci\u00f3 a las autoridades del INFOTEP por impulsar una iniciativa que les permiti\u00f3 conocer desde dentro el funcionamiento de la instituci\u00f3n y valorar a\u00fan m\u00e1s el esfuerzo que realizan sus padres.<\/span><\/p>\n<blockquote><p><span style=\"color: #000000;\">\u00abEsta experiencia nos permiti\u00f3 desarrollar habilidades para el trabajo, conocer el esfuerzo y la dedicaci\u00f3n de nuestros padres y llevarnos una comprensi\u00f3n m\u00e1s amplia\u00bb, afirm\u00f3.<\/span><\/p><\/blockquote>\n<p><span style=\"color: #000000;\">Los j\u00f3venes fueron integrados a las diferentes direcciones y departamentos de la Oficina Nacional, el Edificio Corporativo Institucional (ECI) y las direcciones regionales Metropolitana, Oriental, Este, Sur, Cibao Norte, Cibao Sur y Cibao Nordeste, donde recibieron el acompa\u00f1amiento de personal t\u00e9cnico y administrativo.<\/span><\/p>\n<p><span style=\"color: #000000;\">Como parte de su proceso de formaci\u00f3n participaron en charlas sobre liderazgo juvenil, manejo responsable de redes sociales, finanzas personales, prevenci\u00f3n del uso y abuso de drogas, servicio al cliente, etiqueta y protocolo, formaci\u00f3n humana y gesti\u00f3n de las emociones.<\/span><\/p>\n<p><span style=\"color: #000000;\">Asimismo, realizaron recorridos por centros tecnol\u00f3gicos del INFOTEP, visitas de integraci\u00f3n entre regionales y actividades pr\u00e1cticas en talleres especializados y experiencias en simuladores de conducci\u00f3n, adem\u00e1s de pr\u00e1cticas de panader\u00eda y reposter\u00eda.<\/span><\/p>\n<p><span style=\"color: #000000;\">Al finalizar el programa, los pasantes recibieron certificados de participaci\u00f3n, obsequios y una compensaci\u00f3n econ\u00f3mica como reconocimiento a su compromiso, dedicaci\u00f3n y su desempe\u00f1o durante el programa.<\/span><\/p>\n<p><span style=\"color: #000000;\">El acto de clausura, celebrado en el auditorio del Edificio Corporativo Institucional (ECI), reuni\u00f3 a autoridades del INFOTEP, colaboradores, familiares y pasantes, quienes compartieron los aprendizajes obtenidos durante el proceso mediante presentaciones art\u00edsticas, demostraciones de taekwondo, bailes, dramatizaciones, interpretaciones musicales y la proyecci\u00f3n de un audiovisual que resumi\u00f3 los momentos m\u00e1s significativos de la jornada.<\/span><\/p>\n","protected":false},"excerpt":{"rendered":"<p>Santo Domingo. -El Instituto Nacional de Formaci\u00f3n T\u00e9cnico Profesional (INFOTEP) concluy\u00f3 la quinta edici\u00f3n de<\/p>\n","protected":false},"author":4,"featured_media":63511,"comment_status":"open","ping_status":"open","sticky":false,"template":"","format":"standard","meta":{"footnotes":""},"categories":[260],"tags":[261,272],"class_list":["post-63510","post","type-post","status-publish","format-standard","has-post-thumbnail","hentry","category-educacion","tag-infotep","tag-santo-domingo"],"_links":{"self":[{"href":"https:\/\/laverdadpublica.com\/index.php\/wp-json\/wp\/v2\/posts\/63510","targetHints":{"allow":["GET"]}}],"collection":[{"href":"https:\/\/laverdadpublica.com\/index.php\/wp-json\/wp\/v2\/posts"}],"about":[{"href":"https:\/\/laverdadpublica.com\/index.php\/wp-json\/wp\/v2\/types\/post"}],"author":[{"embeddable":true,"href":"https:\/\/laverdadpublica.com\/index.php\/wp-json\/wp\/v2\/users\/4"}],"replies":[{"embeddable":true,"href":"https:\/\/laverdadpublica.com\/index.php\/wp-json\/wp\/v2\/comments?post=63510"}],"version-history":[{"count":1,"href":"https:\/\/laverdadpublica.com\/index.php\/wp-json\/wp\/v2\/posts\/63510\/revisions"}],"predecessor-version":[{"id":63512,"href":"https:\/\/laverdadpublica.com\/index.php\/wp-json\/wp\/v2\/posts\/63510\/revisions\/63512"}],"wp:featuredmedia":[{"embeddable":true,"href":"https:\/\/laverdadpublica.com\/index.php\/wp-json\/wp\/v2\/media\/63511"}],"wp:attachment":[{"href":"https:\/\/laverdadpublica.com\/index.php\/wp-json\/wp\/v2\/media?parent=63510"}],"wp:term":[{"taxonomy":"category","embeddable":true,"href":"https:\/\/laverdadpublica.com\/index.php\/wp-json\/wp\/v2\/categories?post=63510"},{"taxonomy":"post_tag","embeddable":true,"href":"https:\/\/laverdadpublica.com\/index.php\/wp-json\/wp\/v2\/tags?post=63510"}],"curies":[{"name":"wp","href":"https:\/\/api.w.org\/{rel}","templated":true}]}}