{"id":63546,"date":"2026-08-06T17:41:30","date_gmt":"2026-08-06T17:41:30","guid":{"rendered":"https:\/\/laverdadpublica.com\/?p=63546"},"modified":"2026-08-06T17:41:30","modified_gmt":"2026-08-06T17:41:30","slug":"dominican-film-festival-marca-sus-15-anos-con-una-edicion-de-estrenos-competencias-y-nuevas-voces","status":"publish","type":"post","link":"https:\/\/laverdadpublica.com\/index.php\/2026\/08\/06\/dominican-film-festival-marca-sus-15-anos-con-una-edicion-de-estrenos-competencias-y-nuevas-voces\/","title":{"rendered":"Dominican Film \ufeffFestival marca sus 15 a\u00f1os con una edici\u00f3n de estrenos, competencias y nuevas voces"},"content":{"rendered":"<p><em>Ciudad de\u00a0Nueva York, USA, agosto\u00a0de 2026<\/em>.- El\u00a0<strong>Dominican Film Festival in New York (DFFNYC)<\/strong>\u00a0celebrar\u00e1 su 15.\u00aa edici\u00f3n del 5 al 11 de agosto de 2026 con una programaci\u00f3n de m\u00e1s de 70 pel\u00edculas que re\u00fane nuevas voces, reconocidos realizadores y diversas miradas del cine dominicano realizado en la Rep\u00fablica Dominicana y en la di\u00e1spora.<\/p>\n<p>Durante siete d\u00edas, el festival ofrecer\u00e1 largometrajes de ficci\u00f3n, documentales y cortometrajes, adem\u00e1s de estrenos mundiales, internacionales, estadounidenses y de Nueva York, competencias oficiales, presentaciones especiales, talleres gratuitos y encuentros entre cineastas, profesionales de la industria y el p\u00fablico.<\/p>\n<p>La edici\u00f3n abrir\u00e1 este mi\u00e9rcoles 5 de agosto con el estreno mundial de\u00a0<em>La f\u00e1brica de bodas<\/em>, dirigida por Francis Disla\u00a0\u201cIndio\u201d. La gala inaugural se celebrar\u00e1 en el emblem\u00e1tico United Palace, ubicado en el 4140 Broadway, en Washington Heights, Manhattan.<\/p>\n<p>Bajo el lema \u201cDonde las historias crean emociones\u201d, la programaci\u00f3n recorrer\u00e1 g\u00e9neros como la comedia, el drama, el romance, el documental y el thriller, reflejando la diversidad tem\u00e1tica y creativa que caracteriza a la producci\u00f3n cinematogr\u00e1fica dominicana contempor\u00e1nea.<\/p>\n<p>Las proyecciones tendr\u00e1n lugar principalmente en el AMC 34th Street 14, ubicado en el 312 West 34th Street, y en el Alianza Dominicana Cultural Center, en el 530 West 166th Street. Esta \u00faltima sede tambi\u00e9n acoger\u00e1 una serie de talleres gratuitos y abiertos al p\u00fablico.<\/p>\n<blockquote><p>\u201cLlegar a los quince a\u00f1os representa una oportunidad para reconocer todo lo que el cine dominicano ha avanzado y, al mismo tiempo, mirar hacia las nuevas historias y generaciones que est\u00e1n surgiendo. Esta edici\u00f3n celebra el talento de nuestros cineastas, el v\u00ednculo con la di\u00e1spora y la capacidad de nuestro cine para conectar con p\u00fablicos diversos a trav\u00e9s de las emociones\u201d, expres\u00f3 Armando Guare\u00f1o, fundador y director ejecutivo del\u00a0<strong>DFFNYC<\/strong>.<\/p><\/blockquote>\n<p><strong>Competencia Oficial: diversidad y evoluci\u00f3n del cine dominicano<\/strong><\/p>\n<p>La Competencia Oficial re\u00fane producciones que reflejan la diversidad de g\u00e9neros, estilos y perspectivas presentes en el cine dominicano actual.<\/p>\n<p>En la\u00a0<strong>competencia de largometrajes de ficci\u00f3n\u00a0<\/strong>participan\u00a0<em>La herencia de los Ram\u00edrez<\/em>, de Brahyam Jade Humphreys;\u00a0<em>Qu\u00e9 m\u00e1s puedes hacerme<\/em>, de F\u00e9lix Germ\u00e1n;\u00a0<em>La batalla de los \u00c1ngeles<\/em>, de F\u00e9lix Germ\u00e1n;\u00a0<em>Acorde final<\/em>, de Pachy Banks-Cabral;\u00a0<em>Enti\u00e9rrenlo Parao<\/em>, de Ronni Castillo;\u00a0<em>Sublime Gracia<\/em>, de Fel di Garbo; y\u00a0<em>Melodrama<\/em>, de Andr\u00e9s Far\u00edas.<\/p>\n<p>La\u00a0<strong>competencia de documentales<\/strong>\u00a0est\u00e1 integrada por\u00a0<em>Aquella primavera<\/em>, de Mayra Poueriet;\u00a0<em>Boru<\/em>, de Ronny A. Sosa;\u00a0<em>Kacimiro<\/em>, de Boynayel Mota;\u00a0<em>M\u00e1s all\u00e1 del humo<\/em>, de Mariel Aponte;\u00a0<em>Soldados de la Democracia<\/em>, de Alberto Zayas; y\u00a0<em>Mujeres Extraordinarias: As\u00ed en la guerra, como en la paz<\/em>, de Yildalina Tatem Brache.<\/p>\n<p>En la\u00a0<strong>competencia de cortometrajes<\/strong>\u00a0participan\u00a0<em>A Tempo<\/em>, de Camila Del Carmen y Elena Carrasco;\u00a0<em>Batea<\/em>, de Sof\u00eda Richiez y Claudio Rafael;\u00a0<em>El Amuleto<\/em>, de Danny Camacho;\u00a0<em>El mar que nos separa<\/em>, de Daslaina Gonz\u00e1lez \u00c1lvarez;\u00a0<em>Everbranch<\/em>, de Lisa Reyes;\u00a0<em>Lo que nadie ve<\/em>, de Jhoanna Ruiz;\u00a0<em>Nueva forma<\/em>, de Viviana C. S\u00e1nchez;\u00a0<em>Sinf\u00f3nica Novae<\/em>, de Noelia Peguero, Lucille Victoria y Sarah Mora;\u00a0<em>Stuck<\/em>, de Kamila Minier;\u00a0<em>Tenebras<\/em>, de Francisco Rojas;\u00a0<em>Yante<\/em>, de Alberto Valdez;\u00a0<em>A trav\u00e9s del silencio<\/em>, de Keyla Charinne Ceballos Vega;\u00a0<em>Cuko<\/em>, de Madel M\u00e1rquez Ventura;\u00a0<em>El reloj<\/em>, de Will Valerio;\u00a0<em>En pecado<\/em>, de Yorjina Moran;\u00a0<em>La Antimusa<\/em>, de Camilo Jarabacoa;\u00a0<em>Padrecito<\/em>, de Jhoan Manuel Herrera Jimen\u00e9z; y\u00a0<em>Tainos<\/em>, de Eduardo Schuldt.<\/p>\n<p>La\u00a0<strong>competencia de cortometrajes universitarios<\/strong>\u00a0est\u00e1 integrada por\u00a0<em>Caribe<\/em>, de Leslie Hern\u00e1ndez (UNAPEC);\u00a0<em>Del otro lado<\/em>, de Liz Garrido (UNAPEC);\u00a0<em>El loco que pinta<\/em>, de Paul Limardo y Mariam Rosario (INTEC);\u00a0<em>\u00a1Y con ustedes!<\/em>, de V\u00edctor Batista Hern\u00e1ndez (INTEC);\u00a0<em>Pueblo Viejo<\/em>, de Alexander V\u00e1squez (CHAV\u00d3N);\u00a0<em>Gislaine<\/em>, de Camila Encarnaci\u00f3n (CHAV\u00d3N);\u00a0<em>Un Regard<\/em>, de Loli Taina (PUCMM Santo Domingo);\u00a0<em>El Colmad\u00f3n<\/em>, de Mar\u00eda Fernanda S\u00e1nchez y Mar\u00eda Laura Ben (PUCMM Santo Domingo);\u00a0<em>Carmes\u00ed<\/em>, de Noelia Nolasco (PUCMM Santiago);\u00a0<em>Sue\u00f1o Siam\u00e9s<\/em>, de Paul Ovalles (PUCMM Santiago);\u00a0<em>Delirio de Sangre<\/em>, de Roc\u00edo P\u00e9rez (UASD);\u00a0<em>Abyss<\/em>, de Danna Mariel Padilla Pereyra (UASD); y\u00a0<em>Reflejo<\/em>, de Alexia G\u00f3mez (UNIBE).<\/p>\n<p><strong>Competencia de la Di\u00e1spora: historias que trascienden fronteras<\/strong><\/p>\n<p>La Competencia de la Di\u00e1spora reconoce el trabajo de realizadores dominicanos que desarrollan sus carreras fuera de la Rep\u00fablica Dominicana y que contin\u00faan creando historias vinculadas con sus ra\u00edces y experiencias.<\/p>\n<p>En la\u00a0<strong>competencia de largometrajes de la di\u00e1spora<\/strong>\u00a0participan\u00a0<em>Can\u2019t Let It Go<\/em>, de Roy Szuper;\u00a0<em>El Bodeguero<\/em>, de Boccaccio Guzm\u00e1n;\u00a0<em>One Guy, Too Many Dates<\/em>, de Yissendy Trinidad;\u00a0<em>La Fundaci\u00f3n: Baseball\u2019s Island<\/em>, de Isaac Weinberg;\u00a0<em>Rock del Caribe: Primera Parte<\/em>, de Eddy Corad\u00edn; y\u00a0<em>The Burden of Nine Lives<\/em>, de Vega Monta\u00f1ez.<\/p>\n<p>La\u00a0<strong>competencia de cortometrajes de la di\u00e1spora<\/strong>\u00a0incluye\u00a0<em>Absent Notes<\/em>, de Jose Miguel Soto Mariano;\u00a0<em>Americano<\/em>, de Yanelly Mart\u00ednez;\u00a0<em>Dreamer<\/em>, de Vergi Rodr\u00edguez y Diana Zollicoffer;\u00a0<em>I Love You So Much but You Are So Difficult<\/em>, de Berenic\u00e9 Brino;\u00a0<em>Migra<\/em>, de Adrian Miranda;\u00a0<em>Visa<\/em>, de Orlenny De Le\u00f3n;\u00a0<em>Poetry in Motion<\/em>, de Angel Ruby Vasquez;\u00a0<em>My Grandmother\u2019s Hands<\/em>, de Alicia Leon;\u00a0<em>El Esp\u00edritu de la Escalera<\/em>, de Leslie Rubiera;\u00a0<em>DreamZzz<\/em>, de Hedi B. Asencio;\u00a0<em>Sprayin\u2019 Series \u2013 05: \u201cFind Something You Love and Let It Kill You\u201d<\/em>, de Edwin Taveras;\u00a0<em>Le Teme a su Regreso<\/em>, de Orlando C\u00e1ceres;\u00a0<em>La Se\u00f1al<\/em>, de Juno Harris;\u00a0<em>Here for the Event?<\/em>, de Yudelka Heyer;\u00a0<em>A Street Named Mercado<\/em>, de Vergi Rodr\u00edguez;\u00a0<em>Doing the Johnny Pacheco<\/em>, de Antonio de la Cruz; y\u00a0<em>Mejor Sola<\/em>, de Gabriella Athena Moses.<\/p>\n<p><strong>Clausura del DFFNYC<\/strong><\/p>\n<p>La 15.\u00aa edici\u00f3n concluir\u00e1 el martes 11 de agosto con la proyecci\u00f3n de\u00a0<em>Melodrama<\/em>, dirigida por Andr\u00e9s Far\u00edas.<\/p>\n<p>La pel\u00edcula sigue a Sonia, una viuda dominicana que, tras mudarse a un peque\u00f1o apartamento frente al mar Caribe, conoce a Aim\u00e9, un obrero haitiano con quien inicia una relaci\u00f3n marcada por los prejuicios y la presi\u00f3n social. Ante la posibilidad de comenzar una nueva etapa, Sonia deber\u00e1 decidir entre seguir su coraz\u00f3n o ceder ante quienes se oponen a su relaci\u00f3n.<\/p>\n<p>La programaci\u00f3n completa, los horarios de las proyecciones y la informaci\u00f3n sobre las entradas est\u00e1n disponibles en las redes sociales @dffnycofficial.<\/p>\n","protected":false},"excerpt":{"rendered":"<p>Ciudad de\u00a0Nueva York, USA, agosto\u00a0de 2026.- El\u00a0Dominican Film Festival in New York (DFFNYC)\u00a0celebrar\u00e1 su 15.\u00aa<\/p>\n","protected":false},"author":4,"featured_media":0,"comment_status":"open","ping_status":"open","sticky":false,"template":"","format":"standard","meta":{"footnotes":""},"categories":[248],"tags":[327],"class_list":["post-63546","post","type-post","status-publish","format-standard","hentry","category-cine","tag-dffnyc"],"_links":{"self":[{"href":"https:\/\/laverdadpublica.com\/index.php\/wp-json\/wp\/v2\/posts\/63546","targetHints":{"allow":["GET"]}}],"collection":[{"href":"https:\/\/laverdadpublica.com\/index.php\/wp-json\/wp\/v2\/posts"}],"about":[{"href":"https:\/\/laverdadpublica.com\/index.php\/wp-json\/wp\/v2\/types\/post"}],"author":[{"embeddable":true,"href":"https:\/\/laverdadpublica.com\/index.php\/wp-json\/wp\/v2\/users\/4"}],"replies":[{"embeddable":true,"href":"https:\/\/laverdadpublica.com\/index.php\/wp-json\/wp\/v2\/comments?post=63546"}],"version-history":[{"count":1,"href":"https:\/\/laverdadpublica.com\/index.php\/wp-json\/wp\/v2\/posts\/63546\/revisions"}],"predecessor-version":[{"id":63550,"href":"https:\/\/laverdadpublica.com\/index.php\/wp-json\/wp\/v2\/posts\/63546\/revisions\/63550"}],"wp:attachment":[{"href":"https:\/\/laverdadpublica.com\/index.php\/wp-json\/wp\/v2\/media?parent=63546"}],"wp:term":[{"taxonomy":"category","embeddable":true,"href":"https:\/\/laverdadpublica.com\/index.php\/wp-json\/wp\/v2\/categories?post=63546"},{"taxonomy":"post_tag","embeddable":true,"href":"https:\/\/laverdadpublica.com\/index.php\/wp-json\/wp\/v2\/tags?post=63546"}],"curies":[{"name":"wp","href":"https:\/\/api.w.org\/{rel}","templated":true}]}}