{"id":63555,"date":"2026-08-06T14:03:28","date_gmt":"2026-08-06T14:03:28","guid":{"rendered":"https:\/\/laverdadpublica.com\/?p=63555"},"modified":"2026-08-06T17:47:05","modified_gmt":"2026-08-06T17:47:05","slug":"lic-maria-luis-compartio-estrategias-para-fortalecer-el-enfoque-como-herramienta-clave-para-el-crecimiento-de-marcas-y-negocios","status":"publish","type":"post","link":"https:\/\/laverdadpublica.com\/index.php\/2026\/08\/06\/lic-maria-luis-compartio-estrategias-para-fortalecer-el-enfoque-como-herramienta-clave-para-el-crecimiento-de-marcas-y-negocios\/","title":{"rendered":"Lic. Mar\u00eda Luis comparti\u00f3 estrategias para fortalecer el enfoque como herramienta clave para el crecimiento de marcas y negocios"},"content":{"rendered":"<p style=\"text-align: justify;\"><strong>Santo Domingo, Rep\u00fablica Dominicana<\/strong>. \u2013 En el marco del Marat\u00f3n Online de Negocios, Marketing, Networking y Empoderamiento, organizado por Met2Het2 International, la estratega de bienestar y enfoque, conferencista y escritora Lic. Mar\u00eda Luis particip\u00f3 como ponente con la conferencia \u00abEl Enfoque: El activo estrat\u00e9gico que impulsa marcas con impacto\u00bb.<\/p>\n<p style=\"text-align: justify;\">Durante su intervenci\u00f3n, realizada el s\u00e1bado 1 de agosto, Mar\u00eda Luis destac\u00f3 la importancia del enfoque como un recurso esencial para el desarrollo de marcas s\u00f3lidas, el crecimiento empresarial y el logro de objetivos estrat\u00e9gicos. Asimismo, comparti\u00f3 herramientas pr\u00e1cticas y reflexiones dirigidas a emprendedores, empresarios y profesionales interesados en fortalecer su liderazgo y generar un mayor impacto en sus proyectos.<\/p>\n<p style=\"text-align: justify;\">La especialista enfatiz\u00f3 que mantener claridad en los objetivos, disciplina y una visi\u00f3n estrat\u00e9gica permite a las marcas diferenciarse en mercados cada vez m\u00e1s competitivos, inspirando a los asistentes a desarrollar una mentalidad enfocada en el crecimiento sostenible.<\/p>\n<p style=\"text-align: justify;\">El Marat\u00f3n Online de Negocios, Marketing, Networking y Empoderamiento reuni\u00f3 a expertos nacionales e internacionales que abordaron temas de innovaci\u00f3n, emprendimiento, liderazgo, marketing y desarrollo empresarial, promoviendo el intercambio de conocimientos y la creaci\u00f3n de oportunidades de colaboraci\u00f3n entre los participantes.<\/p>\n<p style=\"text-align: justify;\">Con esta participaci\u00f3n, Met2Het2 International reafirm\u00f3 su compromiso de impulsar espacios de formaci\u00f3n y networking de alto valor, contribuyendo al fortalecimiento del ecosistema emprendedor y al desarrollo de l\u00edderes con visi\u00f3n global.<\/p>\n<p>Fuente: Prensa Met2Het2<\/p>\n","protected":false},"excerpt":{"rendered":"<p>Santo Domingo, Rep\u00fablica Dominicana. \u2013 En el marco del Marat\u00f3n Online de Negocios, Marketing, Networking<\/p>\n","protected":false},"author":1,"featured_media":63557,"comment_status":"open","ping_status":"open","sticky":false,"template":"","format":"standard","meta":{"footnotes":""},"categories":[255],"tags":[],"class_list":["post-63555","post","type-post","status-publish","format-standard","has-post-thumbnail","hentry","category-comunicacion"],"_links":{"self":[{"href":"https:\/\/laverdadpublica.com\/index.php\/wp-json\/wp\/v2\/posts\/63555","targetHints":{"allow":["GET"]}}],"collection":[{"href":"https:\/\/laverdadpublica.com\/index.php\/wp-json\/wp\/v2\/posts"}],"about":[{"href":"https:\/\/laverdadpublica.com\/index.php\/wp-json\/wp\/v2\/types\/post"}],"author":[{"embeddable":true,"href":"https:\/\/laverdadpublica.com\/index.php\/wp-json\/wp\/v2\/users\/1"}],"replies":[{"embeddable":true,"href":"https:\/\/laverdadpublica.com\/index.php\/wp-json\/wp\/v2\/comments?post=63555"}],"version-history":[{"count":1,"href":"https:\/\/laverdadpublica.com\/index.php\/wp-json\/wp\/v2\/posts\/63555\/revisions"}],"predecessor-version":[{"id":63556,"href":"https:\/\/laverdadpublica.com\/index.php\/wp-json\/wp\/v2\/posts\/63555\/revisions\/63556"}],"wp:featuredmedia":[{"embeddable":true,"href":"https:\/\/laverdadpublica.com\/index.php\/wp-json\/wp\/v2\/media\/63557"}],"wp:attachment":[{"href":"https:\/\/laverdadpublica.com\/index.php\/wp-json\/wp\/v2\/media?parent=63555"}],"wp:term":[{"taxonomy":"category","embeddable":true,"href":"https:\/\/laverdadpublica.com\/index.php\/wp-json\/wp\/v2\/categories?post=63555"},{"taxonomy":"post_tag","embeddable":true,"href":"https:\/\/laverdadpublica.com\/index.php\/wp-json\/wp\/v2\/tags?post=63555"}],"curies":[{"name":"wp","href":"https:\/\/api.w.org\/{rel}","templated":true}]}}