{"id":64468,"date":"2026-08-23T17:16:11","date_gmt":"2026-08-23T17:16:11","guid":{"rendered":"https:\/\/laverdadpublica.com\/?p=64468"},"modified":"2026-08-23T21:18:11","modified_gmt":"2026-08-23T21:18:11","slug":"inadipp-global-presenta-su-programacion-academica-de-septiembre-2026-para-fortalecer-el-liderazgo-la-gobernanza-y-el-desarrollo-profesional","status":"publish","type":"post","link":"https:\/\/laverdadpublica.com\/index.php\/2026\/08\/23\/inadipp-global-presenta-su-programacion-academica-de-septiembre-2026-para-fortalecer-el-liderazgo-la-gobernanza-y-el-desarrollo-profesional\/","title":{"rendered":"INADIPP Global presenta su programaci\u00f3n acad\u00e9mica de septiembre 2026 para fortalecer el liderazgo, la gobernanza y el desarrollo profesional"},"content":{"rendered":"<p style=\"text-align: justify;\"><strong>Santo Domingo, Rep\u00fablica Dominicana.<\/strong> \u2014 La Academia de Alto Nivel para Estudios en Diplomacia, Asuntos P\u00fablicos y Gobernanza Global (INADIPP Global) anunci\u00f3 su programaci\u00f3n acad\u00e9mica correspondiente al mes de septiembre de 2026, una propuesta formativa orientada a fortalecer las competencias profesionales, empresariales y de liderazgo de participantes de las Am\u00e9ricas.<\/p>\n<p style=\"text-align: justify;\">Bajo una visi\u00f3n enfocada en la integraci\u00f3n, la gobernanza y el desarrollo sostenible, INADIPP Global contin\u00faa consolidando una oferta acad\u00e9mica de alto nivel, con contenidos actualizados, docentes expertos y una metodolog\u00eda pr\u00e1ctica y aplicada.<\/p>\n<p style=\"text-align: justify;\">La programaci\u00f3n contempla cinco jornadas formativas durante el mes de septiembre:<\/p>\n<ul>\n<li style=\"text-align: justify;\">3 de septiembre: Protocolo y Organizaci\u00f3n de Eventos, con \u00e9nfasis en el profesionalismo, la planificaci\u00f3n y la organizaci\u00f3n estrat\u00e9gica de eventos.<\/li>\n<\/ul>\n<ul>\n<li style=\"text-align: justify;\">10 de septiembre: Servicio al Cliente de Excelencia, orientado al fortalecimiento de la calidad del servicio y la fidelizaci\u00f3n de clientes.<\/li>\n<\/ul>\n<ul>\n<li style=\"text-align: justify;\">17 de septiembre: Comunicaci\u00f3n Efectiva y Negociaci\u00f3n, una formaci\u00f3n enfocada en desarrollar habilidades para comunicar con impacto y alcanzar negociaciones exitosas.<\/li>\n<\/ul>\n<ul>\n<li style=\"text-align: justify;\">24 de septiembre: Negocios y Comercio Internacional, dirigida a quienes buscan comprender los mercados internacionales, generar conexiones e impulsar negocios sin fronteras.<\/li>\n<\/ul>\n<ul>\n<li style=\"text-align: justify;\">28 de septiembre: Planificaci\u00f3n Docente, enfocada en la planificaci\u00f3n estrat\u00e9gica de los procesos educativos y en herramientas para ense\u00f1ar, evaluar y transformar con visi\u00f3n.<\/li>\n<\/ul>\n<p style=\"text-align: justify;\">Las formaciones se desarrollar\u00e1n bajo modalidad 100 % virtual, con sesiones de una hora y media, permitiendo la participaci\u00f3n de profesionales y estudiantes desde diferentes pa\u00edses.<\/p>\n<p style=\"text-align: justify;\">De acuerdo con la instituci\u00f3n, esta programaci\u00f3n responde a la necesidad de continuar preparando l\u00edderes capaces de desenvolverse en escenarios profesionales cada vez m\u00e1s din\u00e1micos y globalizados.<\/p>\n<p style=\"text-align: justify;\">El Lic. Carlos Gabriel P\u00e9rez Cuevas, Fundador y Presidente Internacional de INADIPP Global, destac\u00f3 la importancia de impulsar una formaci\u00f3n que combine conocimientos, liderazgo y visi\u00f3n internacional.<\/p>\n<blockquote>\n<p style=\"text-align: center;\">\u201cLa formaci\u00f3n de alto nivel debe convertirse en una herramienta para generar l\u00edderes capaces de comprender los desaf\u00edos actuales, tomar decisiones estrat\u00e9gicas y contribuir al desarrollo de sus comunidades y pa\u00edses.\u201d<\/p>\n<\/blockquote>\n<p style=\"text-align: justify;\">Por su parte, la Dra. Carbery Mitchell, Presidenta Ejecutiva Internacional, resalt\u00f3 el compromiso de INADIPP Global con una educaci\u00f3n orientada a resultados y al desarrollo integral de sus participantes.<\/p>\n<blockquote>\n<p style=\"text-align: center;\">\u201cNuestra propuesta acad\u00e9mica busca que cada formaci\u00f3n genere conocimientos aplicables, nuevas competencias y oportunidades de crecimiento profesional y personal.\u201d<\/p>\n<\/blockquote>\n<p style=\"text-align: justify;\">Como parte de sus beneficios, la programaci\u00f3n incluye contenidos actualizados, docentes expertos, aprendizaje pr\u00e1ctico y aplicado, desarrollo profesional y personal, adem\u00e1s de un certificado digital de participaci\u00f3n. La instituci\u00f3n se\u00f1ala que el certificado se gestiona de manera independiente de la participaci\u00f3n acad\u00e9mica.<\/p>\n<p style=\"text-align: justify;\">Con esta nueva programaci\u00f3n, INADIPP Global reafirma su compromiso de formar l\u00edderes para la integraci\u00f3n, la gobernanza y el desarrollo sostenible de las Am\u00e9ricas, ampliando espacios de aprendizaje y fortaleciendo una comunidad internacional de profesionales con visi\u00f3n, prop\u00f3sito y vocaci\u00f3n de liderazgo.<\/p>\n<p>Fuente: INADIPP Global<\/p>\n","protected":false},"excerpt":{"rendered":"<p>Santo Domingo, Rep\u00fablica Dominicana. \u2014 La Academia de Alto Nivel para Estudios en Diplomacia, Asuntos<\/p>\n","protected":false},"author":1,"featured_media":64469,"comment_status":"open","ping_status":"open","sticky":false,"template":"","format":"standard","meta":{"footnotes":""},"categories":[260],"tags":[],"class_list":["post-64468","post","type-post","status-publish","format-standard","has-post-thumbnail","hentry","category-educacion"],"_links":{"self":[{"href":"https:\/\/laverdadpublica.com\/index.php\/wp-json\/wp\/v2\/posts\/64468","targetHints":{"allow":["GET"]}}],"collection":[{"href":"https:\/\/laverdadpublica.com\/index.php\/wp-json\/wp\/v2\/posts"}],"about":[{"href":"https:\/\/laverdadpublica.com\/index.php\/wp-json\/wp\/v2\/types\/post"}],"author":[{"embeddable":true,"href":"https:\/\/laverdadpublica.com\/index.php\/wp-json\/wp\/v2\/users\/1"}],"replies":[{"embeddable":true,"href":"https:\/\/laverdadpublica.com\/index.php\/wp-json\/wp\/v2\/comments?post=64468"}],"version-history":[{"count":1,"href":"https:\/\/laverdadpublica.com\/index.php\/wp-json\/wp\/v2\/posts\/64468\/revisions"}],"predecessor-version":[{"id":64470,"href":"https:\/\/laverdadpublica.com\/index.php\/wp-json\/wp\/v2\/posts\/64468\/revisions\/64470"}],"wp:featuredmedia":[{"embeddable":true,"href":"https:\/\/laverdadpublica.com\/index.php\/wp-json\/wp\/v2\/media\/64469"}],"wp:attachment":[{"href":"https:\/\/laverdadpublica.com\/index.php\/wp-json\/wp\/v2\/media?parent=64468"}],"wp:term":[{"taxonomy":"category","embeddable":true,"href":"https:\/\/laverdadpublica.com\/index.php\/wp-json\/wp\/v2\/categories?post=64468"},{"taxonomy":"post_tag","embeddable":true,"href":"https:\/\/laverdadpublica.com\/index.php\/wp-json\/wp\/v2\/tags?post=64468"}],"curies":[{"name":"wp","href":"https:\/\/api.w.org\/{rel}","templated":true}]}}