{"id":64755,"date":"2026-08-26T19:38:03","date_gmt":"2026-08-26T19:38:03","guid":{"rendered":"https:\/\/laverdadpublica.com\/?p=64755"},"modified":"2026-08-26T23:39:56","modified_gmt":"2026-08-26T23:39:56","slug":"director-general-del-senpa-sostiene-reuniones-de-coordinacion-con-el-personal-bajo-su-mando","status":"publish","type":"post","link":"https:\/\/laverdadpublica.com\/index.php\/2026\/08\/26\/director-general-del-senpa-sostiene-reuniones-de-coordinacion-con-el-personal-bajo-su-mando\/","title":{"rendered":"Director general del SENPA sostiene reuniones de coordinaci\u00f3n con el personal bajo su mando."},"content":{"rendered":"<p>Por F\u00e9lix Rubio<\/p>\n<p style=\"text-align: justify;\"><strong>Santo Domingo, R. D<\/strong>. \u2013 El director general del Servicio Nacional de Protecci\u00f3n Ambiental (SENPA), general de brigada Rafael Genaro Almonte Cid, ERD, sostuvo una serie de reuniones de coordinaci\u00f3n con los directores regionales, supervisores generales de parques nacionales, inspectores provinciales e inspectores municipales, pertenecientes a las diferentes regionales de la instituci\u00f3n, con el prop\u00f3sito de orientar al personal sobre las acciones y labores que se desarrollar\u00e1n en sus respectivas \u00e1reas de responsabilidad, garantizar la continuidad de las labores y fortalecer los aspectos que as\u00ed lo requieran<\/p>\n<p style=\"text-align: justify;\">Durante el encuentro, el director general destac\u00f3 la importancia de reforzar la supervisi\u00f3n, vigilancia y protecci\u00f3n de los recursos naturales, e instruy\u00f3 al personal a desempe\u00f1ar sus funciones con disciplina, responsabilidad, compromiso y apego a los principios institucionales.<\/p>\n<p>Asimismo, los exhort\u00f3 a mantener una presencia activa en sus respectivas demarcaciones para prevenir las actividades que atenten contra el medio ambiente, actuando con firmeza y respetando el marco legal establecido para la protecci\u00f3n de las \u00e1reas bajo responsabilidad del SENPA.<\/p>\n<p style=\"text-align: justify;\">El general Almonte Cid reiter\u00f3 que la protecci\u00f3n ambiental constituye una responsabilidad permanente y que, mediante el trabajo coordinado, la integraci\u00f3n del personal y el compromiso institucional, se continuar\u00e1 fortaleciendo la misi\u00f3n del SENPA en defensa de los recursos naturales y el medio ambiente.<\/p>\n<p>Bajo el lema: \u201cUn solo equipo, una sola misi\u00f3n\u201d.<\/p>\n<p>&nbsp;<\/p>\n<p>Fuente: Prensa SENPA<\/p>\n","protected":false},"excerpt":{"rendered":"<p>Por F\u00e9lix Rubio Santo Domingo, R. D. \u2013 El director general del Servicio Nacional de<\/p>\n","protected":false},"author":1,"featured_media":64757,"comment_status":"open","ping_status":"open","sticky":false,"template":"","format":"standard","meta":{"footnotes":""},"categories":[7],"tags":[],"class_list":["post-64755","post","type-post","status-publish","format-standard","has-post-thumbnail","hentry","category-nacionales"],"_links":{"self":[{"href":"https:\/\/laverdadpublica.com\/index.php\/wp-json\/wp\/v2\/posts\/64755","targetHints":{"allow":["GET"]}}],"collection":[{"href":"https:\/\/laverdadpublica.com\/index.php\/wp-json\/wp\/v2\/posts"}],"about":[{"href":"https:\/\/laverdadpublica.com\/index.php\/wp-json\/wp\/v2\/types\/post"}],"author":[{"embeddable":true,"href":"https:\/\/laverdadpublica.com\/index.php\/wp-json\/wp\/v2\/users\/1"}],"replies":[{"embeddable":true,"href":"https:\/\/laverdadpublica.com\/index.php\/wp-json\/wp\/v2\/comments?post=64755"}],"version-history":[{"count":1,"href":"https:\/\/laverdadpublica.com\/index.php\/wp-json\/wp\/v2\/posts\/64755\/revisions"}],"predecessor-version":[{"id":64756,"href":"https:\/\/laverdadpublica.com\/index.php\/wp-json\/wp\/v2\/posts\/64755\/revisions\/64756"}],"wp:featuredmedia":[{"embeddable":true,"href":"https:\/\/laverdadpublica.com\/index.php\/wp-json\/wp\/v2\/media\/64757"}],"wp:attachment":[{"href":"https:\/\/laverdadpublica.com\/index.php\/wp-json\/wp\/v2\/media?parent=64755"}],"wp:term":[{"taxonomy":"category","embeddable":true,"href":"https:\/\/laverdadpublica.com\/index.php\/wp-json\/wp\/v2\/categories?post=64755"},{"taxonomy":"post_tag","embeddable":true,"href":"https:\/\/laverdadpublica.com\/index.php\/wp-json\/wp\/v2\/tags?post=64755"}],"curies":[{"name":"wp","href":"https:\/\/api.w.org\/{rel}","templated":true}]}}