{"id":64988,"date":"2026-08-29T11:30:20","date_gmt":"2026-08-29T11:30:20","guid":{"rendered":"https:\/\/laverdadpublica.com\/?p=64988"},"modified":"2026-08-31T16:51:12","modified_gmt":"2026-08-31T16:51:12","slug":"se-esperan-aguaceros-y-tronadas-la-tarde-de-este-sabado-en-varias-provincias-por-onda-tropical","status":"publish","type":"post","link":"https:\/\/laverdadpublica.com\/index.php\/2026\/08\/29\/se-esperan-aguaceros-y-tronadas-la-tarde-de-este-sabado-en-varias-provincias-por-onda-tropical\/","title":{"rendered":"Se esperan aguaceros y tronadas la tarde de este s\u00e1bado en varias provincias por onda tropical"},"content":{"rendered":"<blockquote>\n<p style=\"text-align: center;\">Las temperaturas continuar\u00e1n calurosas, con m\u00e1ximas entre 34 \u00b0C y 36 \u00b0C en Santo Domingo<\/p>\n<\/blockquote>\n<p style=\"text-align: justify;\"><strong>Santo Domingo<\/strong>. El clima en RD estar\u00e1 dominado por los efectos de una onda tropical y se esperan aguaceros y tronadas para la tarde de este s\u00e1bado 29 de agosto del 2026. (DIARIO<\/p>\n<p style=\"text-align: justify;\">El Instituto Dominicano de Meteorolog\u00eda (INDOMET) inform\u00f3 que una onda tropical incrementar\u00e1 la humedad sobre el territorio nacional, favoreciendo la ocurrencia de aguaceros dispersos y tronadas aisladas durante la tarde de este s\u00e1bado.<\/p>\n<p style=\"text-align: justify;\">Durante las horas matutinas predominar\u00e1 un cielo con nubes dispersas y pocas precipitaciones en la mayor\u00eda de las provincias. Sin embargo, a partir del mediod\u00eda aumentar\u00e1 la nubosidad debido al incremento de la humedad asociado con la onda tropical.<\/p>\n<p style=\"text-align: justify;\">Las lluvias se extender\u00e1n hasta las primeras horas de la noche, principalmente sobre el Gran Santo Domingo, Hato Mayor, Monte Plata, S\u00e1nchez Ram\u00edrez, Monse\u00f1or Nouel, La Vega, San Juan, El\u00edas Pi\u00f1a y Dajab\u00f3n.<\/p>\n<p style=\"text-align: justify;\">En el Distrito Nacional se esperan incrementos nubosos en la tarde con aguaceros aislados, mientras que en Santo Domingo Norte se pronostican aguaceros dispersos y tronadas aisladas. En Santo Domingo Oeste habr\u00e1 aguaceros aislados y en Santo Domingo Este se registrar\u00e1n incrementos nubosos durante la tarde.<\/p>\n<p style=\"text-align: justify;\">Las temperaturas continuar\u00e1n calurosas, con m\u00ednimas entre 24 \u00b0C y 26 \u00b0C y m\u00e1ximas entre 34 \u00b0C y 36 \u00b0C en Santo Domingo.<\/p>\n<p style=\"text-align: justify;\">Fuente: Diario Libre<\/p>\n","protected":false},"excerpt":{"rendered":"<p>Las temperaturas continuar\u00e1n calurosas, con m\u00e1ximas entre 34 \u00b0C y 36 \u00b0C en Santo Domingo<\/p>\n","protected":false},"author":1,"featured_media":64989,"comment_status":"open","ping_status":"open","sticky":false,"template":"","format":"standard","meta":{"footnotes":""},"categories":[229],"tags":[],"class_list":["post-64988","post","type-post","status-publish","format-standard","has-post-thumbnail","hentry","category-clima"],"_links":{"self":[{"href":"https:\/\/laverdadpublica.com\/index.php\/wp-json\/wp\/v2\/posts\/64988","targetHints":{"allow":["GET"]}}],"collection":[{"href":"https:\/\/laverdadpublica.com\/index.php\/wp-json\/wp\/v2\/posts"}],"about":[{"href":"https:\/\/laverdadpublica.com\/index.php\/wp-json\/wp\/v2\/types\/post"}],"author":[{"embeddable":true,"href":"https:\/\/laverdadpublica.com\/index.php\/wp-json\/wp\/v2\/users\/1"}],"replies":[{"embeddable":true,"href":"https:\/\/laverdadpublica.com\/index.php\/wp-json\/wp\/v2\/comments?post=64988"}],"version-history":[{"count":1,"href":"https:\/\/laverdadpublica.com\/index.php\/wp-json\/wp\/v2\/posts\/64988\/revisions"}],"predecessor-version":[{"id":64990,"href":"https:\/\/laverdadpublica.com\/index.php\/wp-json\/wp\/v2\/posts\/64988\/revisions\/64990"}],"wp:featuredmedia":[{"embeddable":true,"href":"https:\/\/laverdadpublica.com\/index.php\/wp-json\/wp\/v2\/media\/64989"}],"wp:attachment":[{"href":"https:\/\/laverdadpublica.com\/index.php\/wp-json\/wp\/v2\/media?parent=64988"}],"wp:term":[{"taxonomy":"category","embeddable":true,"href":"https:\/\/laverdadpublica.com\/index.php\/wp-json\/wp\/v2\/categories?post=64988"},{"taxonomy":"post_tag","embeddable":true,"href":"https:\/\/laverdadpublica.com\/index.php\/wp-json\/wp\/v2\/tags?post=64988"}],"curies":[{"name":"wp","href":"https:\/\/api.w.org\/{rel}","templated":true}]}}