{"id":64995,"date":"2026-08-31T16:58:02","date_gmt":"2026-08-31T16:58:02","guid":{"rendered":"https:\/\/laverdadpublica.com\/?p=64995"},"modified":"2026-08-31T18:29:50","modified_gmt":"2026-08-31T18:29:50","slug":"__trashed-2","status":"publish","type":"post","link":"https:\/\/laverdadpublica.com\/index.php\/2026\/08\/31\/__trashed-2\/","title":{"rendered":"Usuarios aumentan sus reclamaciones a las EDE"},"content":{"rendered":"<blockquote>\n<p style=\"text-align: center;\">Edeeste y Edesur encabezan las quejas de los clientes<\/p>\n<\/blockquote>\n<p style=\"text-align: justify;\">Las elevadas temperaturas que sufre el pa\u00eds est\u00e1n provocando un aumento del consumo el\u00e9ctrico que, posteriormente, se ve reflejado en la factura de quienes pagan el servicio. Sin embargo, aunque algunos usuarios est\u00e1n conscientes del incremento en el uso de la energ\u00eda, otros, en su inconformidad, acuden a la Oficina de Protecci\u00f3n al Consumidor de Electricidad (Protecom), cuyas reclamaciones muestran un ascenso.<\/p>\n<p style=\"text-align: justify;\">Solo durante el pasado julio el pa\u00eds marc\u00f3 tres hist\u00f3ricos de demanda, alcanzando el \u00faltimo de ellos 4,277 megavatios (MW) el pasado 28 de ese mes, de acuerdo con lo comunicado por el ministro de Energ\u00eda y Minas, Joel Santos, quien se\u00f1al\u00f3 que esos incrementos responden, entre otros factores, a las altas temperaturas, el dinamismo de la actividad econ\u00f3mica y la mayor electrificaci\u00f3n de los hogares y de los sectores productivos.<\/p>\n<p style=\"text-align: justify;\">El aumento de la demanda de energ\u00eda trae consigo tambi\u00e9n cr\u00edticas y quejas por parte de los usuarios de las empresas distribuidoras de electricidad (EDE).<\/p>\n<p style=\"text-align: justify;\">Fuente: Diario Libre<\/p>\n","protected":false},"excerpt":{"rendered":"<p>Edeeste y Edesur encabezan las quejas de los clientes Las elevadas temperaturas que sufre el<\/p>\n","protected":false},"author":1,"featured_media":64999,"comment_status":"open","ping_status":"open","sticky":false,"template":"","format":"standard","meta":{"footnotes":""},"categories":[2],"tags":[],"class_list":["post-64995","post","type-post","status-publish","format-standard","has-post-thumbnail","hentry","category-economicas"],"_links":{"self":[{"href":"https:\/\/laverdadpublica.com\/index.php\/wp-json\/wp\/v2\/posts\/64995","targetHints":{"allow":["GET"]}}],"collection":[{"href":"https:\/\/laverdadpublica.com\/index.php\/wp-json\/wp\/v2\/posts"}],"about":[{"href":"https:\/\/laverdadpublica.com\/index.php\/wp-json\/wp\/v2\/types\/post"}],"author":[{"embeddable":true,"href":"https:\/\/laverdadpublica.com\/index.php\/wp-json\/wp\/v2\/users\/1"}],"replies":[{"embeddable":true,"href":"https:\/\/laverdadpublica.com\/index.php\/wp-json\/wp\/v2\/comments?post=64995"}],"version-history":[{"count":3,"href":"https:\/\/laverdadpublica.com\/index.php\/wp-json\/wp\/v2\/posts\/64995\/revisions"}],"predecessor-version":[{"id":65001,"href":"https:\/\/laverdadpublica.com\/index.php\/wp-json\/wp\/v2\/posts\/64995\/revisions\/65001"}],"wp:featuredmedia":[{"embeddable":true,"href":"https:\/\/laverdadpublica.com\/index.php\/wp-json\/wp\/v2\/media\/64999"}],"wp:attachment":[{"href":"https:\/\/laverdadpublica.com\/index.php\/wp-json\/wp\/v2\/media?parent=64995"}],"wp:term":[{"taxonomy":"category","embeddable":true,"href":"https:\/\/laverdadpublica.com\/index.php\/wp-json\/wp\/v2\/categories?post=64995"},{"taxonomy":"post_tag","embeddable":true,"href":"https:\/\/laverdadpublica.com\/index.php\/wp-json\/wp\/v2\/tags?post=64995"}],"curies":[{"name":"wp","href":"https:\/\/api.w.org\/{rel}","templated":true}]}}