{"id":65049,"date":"2026-08-31T20:40:22","date_gmt":"2026-08-31T20:40:22","guid":{"rendered":"https:\/\/laverdadpublica.com\/?p=65049"},"modified":"2026-08-31T20:40:22","modified_gmt":"2026-08-31T20:40:22","slug":"infotep-certifica-a-262-colaboradores-de-la-camara-de-diputados-tras-completar-programa-de-formacion","status":"publish","type":"post","link":"https:\/\/laverdadpublica.com\/index.php\/2026\/08\/31\/infotep-certifica-a-262-colaboradores-de-la-camara-de-diputados-tras-completar-programa-de-formacion\/","title":{"rendered":"INFOTEP certifica a 262 colaboradores de la C\u00e1mara de Diputados tras completar programa de formaci\u00f3n"},"content":{"rendered":"<p><b>SANTO DOMINGO<\/b>. -El Instituto Nacional de Formaci\u00f3n T\u00e9cnico Profesional (INFOTEP) certific\u00f3 a 262 colaboradores de la C\u00e1mara de Diputados que completaron el programa de fortalecimiento de competencias t\u00e9cnicas y administrativas, en un acto encabezado por la directora general del INFOTEP, Maira Morla Pineda y la vicepresidenta del hemiciclo, Dharuelly D\u2019Aza.<\/p>\n<p>Como resultado del proceso formativo, se proyecta la entrega de 450 certificados, debido a que los participantes realizaron m\u00faltiples capacitaciones, con casos de colaboradores que completaron hasta seis acciones formativas.<\/p>\n<blockquote><p>\u201cEsta graduaci\u00f3n se enmarca en el programa de fortalecimiento de competencias desarrollado por el INFOTEP en coordinaci\u00f3n con la C\u00e1mara de Diputados de la Rep\u00fablica Dominicana, abarcando una oferta formativa diversificada, orientada a impulsar la eficiencia gubernamental, la modernizaci\u00f3n tecnol\u00f3gica y la optimizaci\u00f3n de los procesos operativos e institucionales\u201d, expres\u00f3 Morla Pineda.<\/p><\/blockquote>\n<p>Resalt\u00f3 el nivel de participaci\u00f3n de los colaboradores y su disposici\u00f3n al aprendizaje continuo como elementos que contribuyen al mejoramiento del desempe\u00f1o profesional.<\/p>\n<blockquote><p>\u201cMuchos de ustedes, estimados graduandos, realizaron m\u00faltiples capacitaciones, alcanzando casos de colaboradores que recibir\u00e1n hasta seis certificados, lo que demuestra su denodado inter\u00e9s en la superaci\u00f3n personal y excelencia de desempe\u00f1o en los quehaceres que siguen elevando a este honorable hemiciclo\u201d, manifest\u00f3.<\/p><\/blockquote>\n<p>Entre tanto, Dharuelly D\u2019Aza, destac\u00f3 la importancia de la formaci\u00f3n t\u00e9cnico-profesional para fortalecer las capacidades de los servidores p\u00fablicos que participaron en el programa formativo impartido por el INFOTEP.<\/p>\n<p>Resalt\u00f3 que la capacitaci\u00f3n permanente constituye una v\u00eda para el crecimiento profesional y la adaptaci\u00f3n a las nuevas herramientas y demandas del entorno laboral.<\/p>\n<blockquote><p>\u201cUna de las mejores maneras para crecer es capacitarse, porque una persona que est\u00e1 desempe\u00f1ando una posici\u00f3n y aprende un oficio extra que le ayuda a desarrollar esa labor de manera m\u00e1s eficiente y efectiva, adapt\u00e1ndose a la modernidad, a la inteligencia artificial y a tantas otras herramientas que tenemos hoy, definitivamente podr\u00e1 crecer en las labores que desempe\u00f1a\u201d, afirm\u00f3 D\u2019Aza Caraballo.<\/p><\/blockquote>\n<p>El programa tuvo un alcance integral y transversal en la estructura organizativa de la C\u00e1mara de Diputados e incluy\u00f3 a directores departamentales, personal administrativo, colaboradores de libre nombramiento y remoci\u00f3n, as\u00ed como integrantes del cuerpo militar y de seguridad.<\/p>\n<p>La iniciativa, desarrollada en coordinaci\u00f3n con la C\u00e1mara de Diputados, tuvo como prop\u00f3sito contribuir al fortalecimiento del talento humano, la eficiencia gubernamental, la modernizaci\u00f3n tecnol\u00f3gica y la optimizaci\u00f3n de los procesos operativos e institucionales.<\/p>\n<p>Los participantes fueron capacitados mediante las modalidades presencial y virtual, en cuatro ejes estrat\u00e9gicos: Tecnolog\u00eda y Ofim\u00e1tica; Calidad y Operaciones; Comunicaci\u00f3n e Impacto, y Desarrollo Organizacional.<\/p>\n<p>En el \u00e1rea de Tecnolog\u00eda y Ofim\u00e1tica se impartieron formaciones sobre operaciones b\u00e1sicas de programas de oficina, Microsoft Excel y Microsoft Word, dirigidas a fortalecer la digitalizaci\u00f3n de procesos, la automatizaci\u00f3n de tareas y la estandarizaci\u00f3n de reportes e informes.<\/p>\n<p>El eje de Calidad y Operaciones incluy\u00f3 las t\u00e9cnicas de las 5S, buenas pr\u00e1cticas de almacenamiento y control de inventario, con \u00e9nfasis en la organizaci\u00f3n de los espacios de trabajo, el manejo de archivos y la eficiencia de los procesos log\u00edsticos internos.<\/p>\n<p>En Comunicaci\u00f3n e Impacto, los colaboradores recibieron capacitaci\u00f3n en comunicaci\u00f3n efectiva y presentaciones de alto impacto, mientras que el eje de Desarrollo Organizacional abord\u00f3 trabajo en equipo y servicio al cliente, orientados a favorecer un clima laboral colaborativo y una atenci\u00f3n de mayor calidad a usuarios internos, legisladores y ciudadan\u00eda.<\/p>\n","protected":false},"excerpt":{"rendered":"<p>SANTO DOMINGO. -El Instituto Nacional de Formaci\u00f3n T\u00e9cnico Profesional (INFOTEP) certific\u00f3 a 262 colaboradores de<\/p>\n","protected":false},"author":4,"featured_media":65050,"comment_status":"open","ping_status":"open","sticky":false,"template":"","format":"standard","meta":{"footnotes":""},"categories":[260],"tags":[],"class_list":["post-65049","post","type-post","status-publish","format-standard","has-post-thumbnail","hentry","category-educacion"],"_links":{"self":[{"href":"https:\/\/laverdadpublica.com\/index.php\/wp-json\/wp\/v2\/posts\/65049","targetHints":{"allow":["GET"]}}],"collection":[{"href":"https:\/\/laverdadpublica.com\/index.php\/wp-json\/wp\/v2\/posts"}],"about":[{"href":"https:\/\/laverdadpublica.com\/index.php\/wp-json\/wp\/v2\/types\/post"}],"author":[{"embeddable":true,"href":"https:\/\/laverdadpublica.com\/index.php\/wp-json\/wp\/v2\/users\/4"}],"replies":[{"embeddable":true,"href":"https:\/\/laverdadpublica.com\/index.php\/wp-json\/wp\/v2\/comments?post=65049"}],"version-history":[{"count":1,"href":"https:\/\/laverdadpublica.com\/index.php\/wp-json\/wp\/v2\/posts\/65049\/revisions"}],"predecessor-version":[{"id":65051,"href":"https:\/\/laverdadpublica.com\/index.php\/wp-json\/wp\/v2\/posts\/65049\/revisions\/65051"}],"wp:featuredmedia":[{"embeddable":true,"href":"https:\/\/laverdadpublica.com\/index.php\/wp-json\/wp\/v2\/media\/65050"}],"wp:attachment":[{"href":"https:\/\/laverdadpublica.com\/index.php\/wp-json\/wp\/v2\/media?parent=65049"}],"wp:term":[{"taxonomy":"category","embeddable":true,"href":"https:\/\/laverdadpublica.com\/index.php\/wp-json\/wp\/v2\/categories?post=65049"},{"taxonomy":"post_tag","embeddable":true,"href":"https:\/\/laverdadpublica.com\/index.php\/wp-json\/wp\/v2\/tags?post=65049"}],"curies":[{"name":"wp","href":"https:\/\/api.w.org\/{rel}","templated":true}]}}