{"id":65180,"date":"2026-09-01T16:46:11","date_gmt":"2026-09-01T16:46:11","guid":{"rendered":"https:\/\/laverdadpublica.com\/?p=65180"},"modified":"2026-09-01T20:47:28","modified_gmt":"2026-09-01T20:47:28","slug":"asi-se-vivio-turizoneando-en-verano-2026-con-gabriel-pagan-en-escena","status":"publish","type":"post","link":"https:\/\/laverdadpublica.com\/index.php\/2026\/09\/01\/asi-se-vivio-turizoneando-en-verano-2026-con-gabriel-pagan-en-escena\/","title":{"rendered":"As\u00ed se vivi\u00f3 \u00bbTurizoneando en Verano 2026\u00bb con Gabriel Pag\u00e1n en escena"},"content":{"rendered":"<blockquote>\n<p style=\"text-align: center;\">Un espacio de mucha m\u00fasica y cultura dominicana<\/p>\n<\/blockquote>\n<p style=\"text-align: justify;\"><strong>Santo Domingo.<\/strong> \u2014 Con una jornada cargada de m\u00fasica, baile y expresiones culturales, concluy\u00f3 oficialmente \u00abTurizoneando en Verano 2026\u00bb, iniciativa que reuni\u00f3 a talentos dominicanos, residentes y visitantes en la Ciudad Colonial.<\/p>\n<p style=\"text-align: justify;\">El cierre del evento estuvo a cargo del artista Gabriel Pag\u00e1n, quien ofreci\u00f3 una presentaci\u00f3n que puso el broche de oro a una temporada dedicada a celebrar la cultura y las tradiciones dominicanas.<\/p>\n<p style=\"text-align: justify;\">Los organizadores agradecieron tambi\u00e9n a otros artistas que estuvieron en escena as\u00ed como a todos los que se sumaron a las diferentes actividades y destacaron la participaci\u00f3n de la comunidad y los visitantes de la Ciudad Primada de Am\u00e9rica.<\/p>\n<p style=\"text-align: justify;\">Con esta clausura, \u00bbTurizoneando en Verano 2026\u00bb se despide dejando como protagonista la m\u00fasica, el talento local y el orgullo por la identidad cultural dominicana, con la promesa de regresar en una pr\u00f3xima edici\u00f3n.<\/p>\n<p>Fuente: M. Jim\u00e9nez<\/p>\n","protected":false},"excerpt":{"rendered":"<p>Un espacio de mucha m\u00fasica y cultura dominicana Santo Domingo. \u2014 Con una jornada cargada<\/p>\n","protected":false},"author":1,"featured_media":65181,"comment_status":"open","ping_status":"open","sticky":false,"template":"","format":"standard","meta":{"footnotes":""},"categories":[249],"tags":[],"class_list":["post-65180","post","type-post","status-publish","format-standard","has-post-thumbnail","hentry","category-farandula"],"_links":{"self":[{"href":"https:\/\/laverdadpublica.com\/index.php\/wp-json\/wp\/v2\/posts\/65180","targetHints":{"allow":["GET"]}}],"collection":[{"href":"https:\/\/laverdadpublica.com\/index.php\/wp-json\/wp\/v2\/posts"}],"about":[{"href":"https:\/\/laverdadpublica.com\/index.php\/wp-json\/wp\/v2\/types\/post"}],"author":[{"embeddable":true,"href":"https:\/\/laverdadpublica.com\/index.php\/wp-json\/wp\/v2\/users\/1"}],"replies":[{"embeddable":true,"href":"https:\/\/laverdadpublica.com\/index.php\/wp-json\/wp\/v2\/comments?post=65180"}],"version-history":[{"count":1,"href":"https:\/\/laverdadpublica.com\/index.php\/wp-json\/wp\/v2\/posts\/65180\/revisions"}],"predecessor-version":[{"id":65182,"href":"https:\/\/laverdadpublica.com\/index.php\/wp-json\/wp\/v2\/posts\/65180\/revisions\/65182"}],"wp:featuredmedia":[{"embeddable":true,"href":"https:\/\/laverdadpublica.com\/index.php\/wp-json\/wp\/v2\/media\/65181"}],"wp:attachment":[{"href":"https:\/\/laverdadpublica.com\/index.php\/wp-json\/wp\/v2\/media?parent=65180"}],"wp:term":[{"taxonomy":"category","embeddable":true,"href":"https:\/\/laverdadpublica.com\/index.php\/wp-json\/wp\/v2\/categories?post=65180"},{"taxonomy":"post_tag","embeddable":true,"href":"https:\/\/laverdadpublica.com\/index.php\/wp-json\/wp\/v2\/tags?post=65180"}],"curies":[{"name":"wp","href":"https:\/\/api.w.org\/{rel}","templated":true}]}}