{"id":65186,"date":"2026-09-01T14:05:48","date_gmt":"2026-09-01T14:05:48","guid":{"rendered":"https:\/\/laverdadpublica.com\/?p=65186"},"modified":"2026-09-01T21:07:35","modified_gmt":"2026-09-01T21:07:35","slug":"mide-inicia-cuadragesima-promocion-del-programa-de-formacion-en-valores-con-meta-de-impactar-10-mil-estudiantes","status":"publish","type":"post","link":"https:\/\/laverdadpublica.com\/index.php\/2026\/09\/01\/mide-inicia-cuadragesima-promocion-del-programa-de-formacion-en-valores-con-meta-de-impactar-10-mil-estudiantes\/","title":{"rendered":"MIDE inicia cuadrag\u00e9sima promoci\u00f3n del Programa de Formaci\u00f3n en Valores con meta de impactar 10 mil estudiantes"},"content":{"rendered":"<p>Por F\u00e9lix Rubio<\/p>\n<blockquote>\n<p style=\"text-align: center;\">La iniciativa del Servicio Militar Voluntario fortalece la disciplina, el civismo, el liderazgo y la responsabilidad ciudadana; durante 2026 se proyecta alcanzar a 20 mil j\u00f3venes.<\/p>\n<\/blockquote>\n<p style=\"text-align: justify;\">Santo Domingo, R.D.\u2013 El Ministerio de Defensa (MIDE), a trav\u00e9s de la Direcci\u00f3n General del Servicio Militar Voluntario (SMV), dej\u00f3 formalmente iniciado el ciclo de entrenamiento septiembre-noviembre correspondiente a la cuadrag\u00e9sima promoci\u00f3n del Programa de Formaci\u00f3n en Valores, una iniciativa que procura impactar a 10,000 estudiantes y que constituye uno de los aportes de las Fuerzas Armadas al desarrollo social y a la formaci\u00f3n integral de la juventud dominicana<\/p>\n<p style=\"text-align: justify;\">El acto fue encabezado por el ministro de Defensa, teniente general Carlos Antonio Fern\u00e1ndez Onofre, ERD., en el Centro Educativo Militar San Miguel Arc\u00e1ngel, ERD., y tuvo como momento central la solemne izada de la Bandera Nacional, resaltando el respeto a los s\u00edmbolos patrios, la identidad nacional y el compromiso ciudadano como pilares fundamentales para la formaci\u00f3n de las nuevas generaciones.<\/p>\n<p style=\"text-align: justify;\">Con los 10,000 estudiantes que se proyecta integrar en esta cuadrag\u00e9sima promoci\u00f3n, sumados a los 10,000 impactados durante la trig\u00e9sima novena promoci\u00f3n, el Ministerio de Defensa y las Fuerzas Armadas alcanzar\u00e1n alrededor de 20,000 j\u00f3venes durante el a\u00f1o 2026, ampliando significativamente el alcance social de un programa dirigido a formar ciudadanos responsables, disciplinados, solidarios y comprometidos con sus comunidades y con la Rep\u00fablica Dominicana.<\/p>\n<p style=\"text-align: justify;\">Durante sus palabras centrales, el ministro Fern\u00e1ndez Onofre destac\u00f3 que, bajo la visi\u00f3n del presidente constitucional de la Rep\u00fablica, Luis Abinader, autoridad suprema de las Fuerzas Armadas y la Polic\u00eda Nacional, la construcci\u00f3n de una mejor Rep\u00fablica Dominicana est\u00e1 estrechamente vinculada con la formaci\u00f3n de mejores ciudadanos, capaces de ejercer sus derechos y libertades con responsabilidad, integridad, respeto y sentido del deber.<\/p>\n<p style=\"text-align: justify;\">El titular del MIDE resalt\u00f3 que la contribuci\u00f3n de las Fuerzas Armadas al pa\u00eds trasciende su misi\u00f3n esencial de defender la soberan\u00eda, la independencia y la integridad territorial, al comprender que la seguridad, la estabilidad y el desarrollo futuro de la Naci\u00f3n tambi\u00e9n dependen de la calidad de sus ciudadanos. En ese sentido, enfatiz\u00f3 el compromiso de la instituci\u00f3n militar de contribuir, junto al sistema educativo, las familias y la sociedad, con la formaci\u00f3n integral de la juventud.<\/p>\n<blockquote>\n<p style=\"text-align: center;\">\u201cLa defensa de la Patria comienza tambi\u00e9n en las aulas\u201d, expres\u00f3 el ministro, al destacar que valores como la disciplina, el respeto, la honestidad, la solidaridad, el cumplimiento del deber y el servicio a los dem\u00e1s constituyen herramientas fundamentales para que los j\u00f3venes puedan enfrentar los desaf\u00edos de la sociedad actual y convertirse en agentes positivos de transformaci\u00f3n en sus familias y comunidades.<\/p>\n<\/blockquote>\n<p style=\"text-align: justify;\">El Programa de Formaci\u00f3n en Valores del Servicio Militar Voluntario complementa la educaci\u00f3n acad\u00e9mica mediante contenidos y actividades relacionados con civismo, disciplina, liderazgo, respeto a los s\u00edmbolos patrios, primeros auxilios, prevenci\u00f3n de desastres, protecci\u00f3n ambiental y servicio comunitario, proporcionando a los estudiantes conocimientos y competencias \u00fatiles para su desarrollo personal, familiar, laboral y social, sin que ello implique su incorporaci\u00f3n al servicio de armas permanente.<\/p>\n<p style=\"text-align: justify;\">La ceremonia incluy\u00f3 adem\u00e1s el traspaso del bander\u00edn del Servicio Militar Voluntario entre representantes de la promoci\u00f3n saliente y los aspirantes de la cuadrag\u00e9sima promoci\u00f3n, como s\u00edmbolo de continuidad del compromiso con la disciplina, el civismo, el patriotismo y el servicio. En la actividad participaron el mayor general t\u00e9cnico de aviaci\u00f3n Carlos Ram\u00f3n Febrillet Rodr\u00edguez, FARD., viceministro de Defensa para Asuntos A\u00e9reos y Espaciales; el general de brigada Francisco Dimas \u00c1valo N\u00fa\u00f1ez, ERD., director general del SMV; la licenciada Magaly Rodr\u00edguez Mec\u00eda de Ram\u00edrez, directora del Distrito Educativo 10-01; y el coronel Eliazer Simons Soriano, ERD., director regente del Centro Educativo Militar San Miguel Arc\u00e1ngel, junto a autoridades educativas, docentes y estudiantes.<\/p>\n<p style=\"text-align: justify;\">El Centro Educativo Militar San Miguel Arc\u00e1ngel, perteneciente al Ej\u00e9rcito de Rep\u00fablica Dominicana y orientado por el lema \u201cMoral, Civismo y Patriotismo\u201d, constituye un escenario representativo de esta iniciativa, al promover una educaci\u00f3n que integra preparaci\u00f3n acad\u00e9mica, disciplina, civismo y valores patri\u00f3ticos, principios que convergen con los objetivos del Servicio Militar Voluntario.<\/p>\n<p style=\"text-align: justify;\">Con la apertura de la cuadrag\u00e9sima promoci\u00f3n, el Ministerio de Defensa reafirma el compromiso social de las Fuerzas Armadas con el desarrollo de la Naci\u00f3n, poniendo su experiencia en disciplina, organizaci\u00f3n, liderazgo y servicio al alcance de miles de j\u00f3venes. Esta iniciativa parte de la convicci\u00f3n de que invertir en valores y ciudadan\u00eda fortalece la convivencia, contribuye a prevenir conductas de riesgo y ayuda a construir una sociedad m\u00e1s responsable, segura y solidaria, demostrando que formar mejores ciudadanos es tambi\u00e9n una manera de servir y defender a la Patria.<\/p>\n<p>Fuente: Prensa MIDE RD<\/p>\n","protected":false},"excerpt":{"rendered":"<p>Por F\u00e9lix Rubio La iniciativa del Servicio Militar Voluntario fortalece la disciplina, el civismo, el<\/p>\n","protected":false},"author":1,"featured_media":65187,"comment_status":"open","ping_status":"open","sticky":false,"template":"","format":"standard","meta":{"footnotes":""},"categories":[1],"tags":[],"class_list":["post-65186","post","type-post","status-publish","format-standard","has-post-thumbnail","hentry","category-sin-categoria"],"_links":{"self":[{"href":"https:\/\/laverdadpublica.com\/index.php\/wp-json\/wp\/v2\/posts\/65186","targetHints":{"allow":["GET"]}}],"collection":[{"href":"https:\/\/laverdadpublica.com\/index.php\/wp-json\/wp\/v2\/posts"}],"about":[{"href":"https:\/\/laverdadpublica.com\/index.php\/wp-json\/wp\/v2\/types\/post"}],"author":[{"embeddable":true,"href":"https:\/\/laverdadpublica.com\/index.php\/wp-json\/wp\/v2\/users\/1"}],"replies":[{"embeddable":true,"href":"https:\/\/laverdadpublica.com\/index.php\/wp-json\/wp\/v2\/comments?post=65186"}],"version-history":[{"count":1,"href":"https:\/\/laverdadpublica.com\/index.php\/wp-json\/wp\/v2\/posts\/65186\/revisions"}],"predecessor-version":[{"id":65188,"href":"https:\/\/laverdadpublica.com\/index.php\/wp-json\/wp\/v2\/posts\/65186\/revisions\/65188"}],"wp:featuredmedia":[{"embeddable":true,"href":"https:\/\/laverdadpublica.com\/index.php\/wp-json\/wp\/v2\/media\/65187"}],"wp:attachment":[{"href":"https:\/\/laverdadpublica.com\/index.php\/wp-json\/wp\/v2\/media?parent=65186"}],"wp:term":[{"taxonomy":"category","embeddable":true,"href":"https:\/\/laverdadpublica.com\/index.php\/wp-json\/wp\/v2\/categories?post=65186"},{"taxonomy":"post_tag","embeddable":true,"href":"https:\/\/laverdadpublica.com\/index.php\/wp-json\/wp\/v2\/tags?post=65186"}],"curies":[{"name":"wp","href":"https:\/\/api.w.org\/{rel}","templated":true}]}}