{"id":65207,"date":"2026-09-02T09:19:39","date_gmt":"2026-09-02T09:19:39","guid":{"rendered":"https:\/\/laverdadpublica.com\/?p=65207"},"modified":"2026-09-02T12:30:11","modified_gmt":"2026-09-02T12:30:11","slug":"policia-nacional-suma-agentes-a-la-consulta-para-prevenir-la-violencia-contra-las-mujeres","status":"publish","type":"post","link":"https:\/\/laverdadpublica.com\/index.php\/2026\/09\/02\/policia-nacional-suma-agentes-a-la-consulta-para-prevenir-la-violencia-contra-las-mujeres\/","title":{"rendered":"Polic\u00eda Nacional suma agentes a la Consulta para prevenir la violencia contra las mujeres"},"content":{"rendered":"<blockquote>\n<p style=\"text-align: center;\">La jornada reuni\u00f3 al Ministerio de la Mujer y la Polic\u00eda Nacional en un espacio de di\u00e1logo con los agentes para fortalecer la articulaci\u00f3n institucional y la prevenci\u00f3n de la violencia contra las mujeres.<\/p>\n<\/blockquote>\n<p style=\"text-align: justify;\"><strong>Santo Domingo.\u00a0<\/strong>El Ministerio de la Mujer y la Polic\u00eda Nacional desarrollaron el panel de di\u00e1logo interinstitucional \u201cVoces que aportan soluciones desde la poblaci\u00f3n masculina\u201d, con la participaci\u00f3n de cientos de agentes pertenecientes a la instituci\u00f3n del orden, como parte de la Consulta Nacional para la Reducci\u00f3n de Riesgos de Violencia hacia las Mujeres.<\/p>\n<p style=\"text-align: justify;\">El encuentro tuvo como prop\u00f3sito propiciar una reflexi\u00f3n directa con los agentes policiales sobre el papel de los hombres en la prevenci\u00f3n y reducci\u00f3n de los riesgos de violencia contra las mujeres, as\u00ed como identificar acciones que contribuyan a transformar conductas, fortalecer la prevenci\u00f3n y mejorar las respuestas institucionales.<\/p>\n<p style=\"text-align: justify;\">La jornada fue encabezada por la ministra de la Mujer, Gloria Reyes, y el subdirector general de la Polic\u00eda Nacional, general Esteban Figuereo Garc\u00eda, y cont\u00f3 con la presencia del general Mart\u00edn Miguel Tapia S\u00e1nchez, inspector general de la Polic\u00eda Nacional.<\/p>\n<p style=\"text-align: justify;\">El panel estuvo integrado por la general Celeste Yanet Jim\u00e9nez Cabral, directora de la Direcci\u00f3n Especializada de Atenci\u00f3n a la Mujer y Violencia Intrafamiliar (DEAMVI); Rosa Yudelka de los Santos, directora Nacional de Atenci\u00f3n a V\u00edctimas del Ministerio P\u00fablico; y Rosa Dariana Mej\u00eda Abud, viceministra de Planificaci\u00f3n y Desarrollo del Ministerio de la Mujer. El conversatorio fue moderado por la viceministra de Cultura de Igualdad del Ministerio de la Mujer, Lily Luciano, en cual particip\u00f3 el doctor Luis Verg\u00e9s, psic\u00f3logo cl\u00ednico y terapeuta familiar.<\/p>\n<p style=\"text-align: justify;\">La ministra de la Mujer, Gloria Reyes, resalt\u00f3 la importancia de la participaci\u00f3n de la Polic\u00eda Nacional debido a su presencia en todo el territorio y al contacto permanente de sus miembros con las comunidades, lo que les permite conocer de primera mano situaciones que afectan la convivencia, la seguridad de las familias y la tranquilidad de los barrios.<\/p>\n<blockquote>\n<p style=\"text-align: center;\">\u201cNos convoca un prop\u00f3sito concreto: fortalecer la prevenci\u00f3n de la violencia contra las mujeres mediante informaci\u00f3n confiable, coordinaci\u00f3n institucional y decisiones que respondan a la realidad. Este no es un acto para cumplir con una formalidad. Es un ejercicio de escucha que busca producir conocimientos \u00fatiles para la acci\u00f3n p\u00fablica\u201d, expres\u00f3.<\/p>\n<\/blockquote>\n<p style=\"text-align: justify;\">De su lado, el subdirector general de la Polic\u00eda Nacional, general Esteban Figuereo Garc\u00eda, ofreci\u00f3 las palabras de apertura de la jornada y destac\u00f3 la importancia de la participaci\u00f3n de los agentes policiales en la Consulta Nacional, como un espacio para aportar sus experiencias y propuestas a las acciones dirigidas a prevenir la violencia contra las mujeres.<\/p>\n<p style=\"text-align: justify;\">En el panel, conducido por la viceministra de Cultura de Igualdad del Ministerio de la Mujer, Lily Luciano, se abordaron temas relacionados con la construcci\u00f3n de masculinidades basadas en el respeto y la igualdad, la identificaci\u00f3n de se\u00f1ales de alerta y la prevenci\u00f3n de conductas violentas, con especial atenci\u00f3n al papel de los agentes policiales ante situaciones de violencia contra las mujeres.<\/p>\n<p style=\"text-align: justify;\">De igual forma, se analizaron factores individuales, familiares, sociales e institucionales que pueden incidir en comportamientos violentos, adem\u00e1s de herramientas para el manejo adecuado de emociones como la ira, los celos y la frustraci\u00f3n, sin recurrir a la violencia.<\/p>\n<p style=\"text-align: justify;\">La metodolog\u00eda contempl\u00f3 preguntas dirigidas a las panelistas, en las que se profundizaron temas como la responsabilidad de los hombres cuando conocen situaciones de violencia en su entorno, la importancia de evitar la revictimizaci\u00f3n de las mujeres denunciantes y la necesidad de superar la concepci\u00f3n de que la violencia intrafamiliar constituye un asunto privado.<\/p>\n<p style=\"text-align: justify;\">El conversatorio concluy\u00f3 con las explicaciones para el llenado del instrumento de la Consulta Nacional. Mientras, el equipo t\u00e9cnico aplic\u00f3 la consulta a los participantes, cuyas opiniones y propuestas ser\u00e1n incorporadas como insumos para las recomendaciones derivadas del proceso nacional.<\/p>\n<p style=\"text-align: justify;\"><strong>Participaci\u00f3n de los agentes en la prevenci\u00f3n<\/strong><\/p>\n<p style=\"text-align: justify;\">La jornada forma parte de los esfuerzos del Ministerio de la Mujer para ampliar la participaci\u00f3n de los hombres en la prevenci\u00f3n de la violencia contra las mujeres y generar evidencia que permita fortalecer las pol\u00edticas p\u00fablicas dirigidas a reducir sus riesgos.<\/p>\n<p style=\"text-align: justify;\">En el conversatorio, se destac\u00f3 que la integraci\u00f3n de la Polic\u00eda Nacional permite sumar al proceso las perspectivas de los agentes, cuyas funciones son relevantes en la prevenci\u00f3n, detecci\u00f3n y respuesta ante situaciones de violencia contra las mujeres, al tiempo que fortalece la articulaci\u00f3n entre ambas instituciones.<\/p>\n<p style=\"text-align: justify;\">En ese sentido, se enfatiz\u00f3 que la Consulta Nacional para la Reducci\u00f3n de Riesgos de Violencia hacia las Mujeres, \u201cVoces que aportan soluciones desde la poblaci\u00f3n masculina\u201d, impulsada por el Ministerio de la Mujer, busca recoger las percepciones, experiencias y propuestas de hombres de distintos sectores de la sociedad dominicana para fortalecer las acciones de prevenci\u00f3n.<\/p>\n<p style=\"text-align: justify;\">\n<p style=\"text-align: justify;\">Fuente: Dir. Com. Ministerio de la Mujer<\/p>\n","protected":false},"excerpt":{"rendered":"<p>La jornada reuni\u00f3 al Ministerio de la Mujer y la Polic\u00eda Nacional en un espacio<\/p>\n","protected":false},"author":1,"featured_media":65208,"comment_status":"open","ping_status":"open","sticky":false,"template":"","format":"standard","meta":{"footnotes":""},"categories":[7],"tags":[],"class_list":["post-65207","post","type-post","status-publish","format-standard","has-post-thumbnail","hentry","category-nacionales"],"_links":{"self":[{"href":"https:\/\/laverdadpublica.com\/index.php\/wp-json\/wp\/v2\/posts\/65207","targetHints":{"allow":["GET"]}}],"collection":[{"href":"https:\/\/laverdadpublica.com\/index.php\/wp-json\/wp\/v2\/posts"}],"about":[{"href":"https:\/\/laverdadpublica.com\/index.php\/wp-json\/wp\/v2\/types\/post"}],"author":[{"embeddable":true,"href":"https:\/\/laverdadpublica.com\/index.php\/wp-json\/wp\/v2\/users\/1"}],"replies":[{"embeddable":true,"href":"https:\/\/laverdadpublica.com\/index.php\/wp-json\/wp\/v2\/comments?post=65207"}],"version-history":[{"count":3,"href":"https:\/\/laverdadpublica.com\/index.php\/wp-json\/wp\/v2\/posts\/65207\/revisions"}],"predecessor-version":[{"id":65211,"href":"https:\/\/laverdadpublica.com\/index.php\/wp-json\/wp\/v2\/posts\/65207\/revisions\/65211"}],"wp:featuredmedia":[{"embeddable":true,"href":"https:\/\/laverdadpublica.com\/index.php\/wp-json\/wp\/v2\/media\/65208"}],"wp:attachment":[{"href":"https:\/\/laverdadpublica.com\/index.php\/wp-json\/wp\/v2\/media?parent=65207"}],"wp:term":[{"taxonomy":"category","embeddable":true,"href":"https:\/\/laverdadpublica.com\/index.php\/wp-json\/wp\/v2\/categories?post=65207"},{"taxonomy":"post_tag","embeddable":true,"href":"https:\/\/laverdadpublica.com\/index.php\/wp-json\/wp\/v2\/tags?post=65207"}],"curies":[{"name":"wp","href":"https:\/\/api.w.org\/{rel}","templated":true}]}}