{"id":65221,"date":"2026-09-02T10:35:36","date_gmt":"2026-09-02T10:35:36","guid":{"rendered":"https:\/\/laverdadpublica.com\/?p=65221"},"modified":"2026-09-02T13:37:18","modified_gmt":"2026-09-02T13:37:18","slug":"director-del-sns-destaca-avances-en-salud-durante-foro-de-gestion-gubernamental-2026","status":"publish","type":"post","link":"https:\/\/laverdadpublica.com\/index.php\/2026\/09\/02\/director-del-sns-destaca-avances-en-salud-durante-foro-de-gestion-gubernamental-2026\/","title":{"rendered":"Director del SNS destaca avances en salud durante Foro de Gesti\u00f3n Gubernamental 2026"},"content":{"rendered":"<blockquote>\n<p style=\"text-align: center;\">Landr\u00f3n resalta fortalecimiento de la Red P\u00fablica, expansi\u00f3n del primer nivel, atenci\u00f3n al trauma y servicios de salud mental_<\/p>\n<\/blockquote>\n<p style=\"text-align: justify;\">Santo Domingo.\u2013 El director ejecutivo del Servicio Nacional de Salud (SNS), doctor Julio Landr\u00f3n, particip\u00f3 este martes en el Foro de Gesti\u00f3n Gubernamental 2026: \u201cCalidad y Accesibilidad de los Servicios P\u00fablicos\u201d, donde analiz\u00f3 los avances y desaf\u00edos del sector salud en materia de calidad, accesibilidad y oportunidad de los servicios p\u00fablicos.<\/p>\n<p style=\"text-align: justify;\">Landr\u00f3n intervino como panelista en el segmento \u201cSalud y Seguridad Social\u201d, junto al ministro de Salud P\u00fablica, doctor V\u00edctor Atallah; el director ejecutivo del Seguro Nacional de Salud (SeNaSa), Edward Guzm\u00e1n Padilla, y el director ejecutivo del Instituto Dominicano de Prevenci\u00f3n y Protecci\u00f3n de Riesgos Laborales (IDOPPRIL), Agust\u00edn Burgos.<\/p>\n<p style=\"text-align: justify;\">El encuentro, organizado por Gala Media Group, reuni\u00f3 a funcionarios de distintas \u00e1reas del Gobierno para analizar las estrategias implementadas para fortalecer la prestaci\u00f3n de servicios y mejorar la respuesta a las necesidades de la ciudadan\u00eda.<\/p>\n<p style=\"text-align: justify;\">Durante su participaci\u00f3n, el director del SNS expuso las iniciativas desarrolladas para fortalecer la Red P\u00fablica de Salud, mejorar la capacidad resolutiva de los establecimientos y garantizar una atenci\u00f3n m\u00e1s oportuna, integral y cercana a la poblaci\u00f3n. Se\u00f1al\u00f3 que m\u00e1s de 205 centros hospitalarios han sido remodelados y rehabilitados, mientras que m\u00e1s de 1,100 centros de primer nivel han sido remozados y fortalecidos con infraestructura, equipamiento y recursos humanos.<\/p>\n<p style=\"text-align: justify;\">Landr\u00f3n resalt\u00f3 que la expansi\u00f3n del primer nivel de atenci\u00f3n ha permitido incorporar y acercar a las comunidades servicios y especialidades como ginecolog\u00eda, pediatr\u00eda y oftalmolog\u00eda, adem\u00e1s de fortalecer la disponibilidad de medicamentos para pacientes con enfermedades cr\u00f3nicas.<\/p>\n<p style=\"text-align: justify;\">En materia de trauma, destac\u00f3 el fortalecimiento de la Red Nacional de Trauma, con la incorporaci\u00f3n y ampliaci\u00f3n de centros especializados en diferentes regiones del pa\u00eds, acciones dirigidas a reducir el tiempo de respuesta ante accidentes y disminuir la mortalidad.<\/p>\n<p style=\"text-align: justify;\">El director del SNS tambi\u00e9n abord\u00f3 los avances en salud mental, destacando que la capacidad de la Red P\u00fablica para atender crisis pas\u00f3 de 47 a 354 camas, con equipos multidisciplinarios y disponibilidad de medicamentos. Asimismo, resalt\u00f3 los proyectos de centros psicosociales en distintas provincias y la transformaci\u00f3n del Centro Psicosocial Padre Billini, en Pedro Brand, para mejorar las condiciones de los pacientes de larga estancia y ofrecer espacios dignos para su rehabilitaci\u00f3n e inclusi\u00f3n.<\/p>\n<p style=\"text-align: justify;\">Por su parte, el ministro de Salud P\u00fablica, doctor V\u00edctor Atallah, destac\u00f3 la transformaci\u00f3n del sistema sanitario hacia un modelo preventivo, integrado y centrado en las personas, con avances en digitalizaci\u00f3n, control de enfermedades y gesti\u00f3n basada en datos. Resalt\u00f3 la reducci\u00f3n de cerca del 80 % de los casos de dengue en 2025 y cero muertes confirmadas, as\u00ed como el control del 81 % de los pacientes hipertensos, adem\u00e1s de los avances en c\u00e1ncer infantil y de mama y hepatitis B y C.<\/p>\n<p style=\"text-align: justify;\">En tanto, el director ejecutivo del IDOPPRIL, Agust\u00edn Burgos, destac\u00f3 el fortalecimiento de las acciones de prevenci\u00f3n y protecci\u00f3n de los trabajadores, ante el impacto de los accidentes de tr\u00e1nsito, especialmente los relacionados con motocicletas. Se\u00f1al\u00f3 que la instituci\u00f3n destina m\u00e1s de RD$1,000 millones a la atenci\u00f3n de accidentes laborales y reafirm\u00f3 su compromiso de impulsar una cultura nacional de seguridad y salud en el trabajo, mediante acciones preventivas que involucren a empleadores, trabajadores y medios de comunicaci\u00f3n.<\/p>\n<p style=\"text-align: justify;\">Mientras, el director ejecutivo de SeNaSa, Edward Guzm\u00e1n Padilla, resalt\u00f3 las acciones desarrolladas para fortalecer la protecci\u00f3n financiera en salud y ampliar el acceso de la poblaci\u00f3n a los servicios sanitarios, destacando la importancia de continuar trabajando de manera articulada con los distintos actores del sistema para garantizar una atenci\u00f3n de calidad, oportuna y accesible para los afiliados.<\/p>\n<p style=\"text-align: justify;\">El foro tambi\u00e9n incluy\u00f3 un panel dedicado a Educaci\u00f3n Superior, Deportes, Cultura y Juventud, con la participaci\u00f3n del ministro de Educaci\u00f3n Superior, Ciencia y Tecnolog\u00eda, Rafael Santos Bad\u00eda; el ministro de Deportes, Kelvin Cruz; el ministro de Cultura, Roberto \u00c1ngel Salcedo; el ministro de la Juventud, Carlos Valdez, y el director ejecutivo del Instituto Nacional de Educaci\u00f3n F\u00edsica (INEFI), Alberto Rodr\u00edguez.<\/p>\n<p>Fuente: Prensa SNS<\/p>\n","protected":false},"excerpt":{"rendered":"<p>Landr\u00f3n resalta fortalecimiento de la Red P\u00fablica, expansi\u00f3n del primer nivel, atenci\u00f3n al trauma y<\/p>\n","protected":false},"author":4,"featured_media":65222,"comment_status":"open","ping_status":"open","sticky":false,"template":"","format":"standard","meta":{"footnotes":""},"categories":[221],"tags":[],"class_list":["post-65221","post","type-post","status-publish","format-standard","has-post-thumbnail","hentry","category-salud"],"_links":{"self":[{"href":"https:\/\/laverdadpublica.com\/index.php\/wp-json\/wp\/v2\/posts\/65221","targetHints":{"allow":["GET"]}}],"collection":[{"href":"https:\/\/laverdadpublica.com\/index.php\/wp-json\/wp\/v2\/posts"}],"about":[{"href":"https:\/\/laverdadpublica.com\/index.php\/wp-json\/wp\/v2\/types\/post"}],"author":[{"embeddable":true,"href":"https:\/\/laverdadpublica.com\/index.php\/wp-json\/wp\/v2\/users\/4"}],"replies":[{"embeddable":true,"href":"https:\/\/laverdadpublica.com\/index.php\/wp-json\/wp\/v2\/comments?post=65221"}],"version-history":[{"count":2,"href":"https:\/\/laverdadpublica.com\/index.php\/wp-json\/wp\/v2\/posts\/65221\/revisions"}],"predecessor-version":[{"id":65224,"href":"https:\/\/laverdadpublica.com\/index.php\/wp-json\/wp\/v2\/posts\/65221\/revisions\/65224"}],"wp:featuredmedia":[{"embeddable":true,"href":"https:\/\/laverdadpublica.com\/index.php\/wp-json\/wp\/v2\/media\/65222"}],"wp:attachment":[{"href":"https:\/\/laverdadpublica.com\/index.php\/wp-json\/wp\/v2\/media?parent=65221"}],"wp:term":[{"taxonomy":"category","embeddable":true,"href":"https:\/\/laverdadpublica.com\/index.php\/wp-json\/wp\/v2\/categories?post=65221"},{"taxonomy":"post_tag","embeddable":true,"href":"https:\/\/laverdadpublica.com\/index.php\/wp-json\/wp\/v2\/tags?post=65221"}],"curies":[{"name":"wp","href":"https:\/\/api.w.org\/{rel}","templated":true}]}}