{"id":65274,"date":"2026-09-02T18:25:13","date_gmt":"2026-09-02T18:25:13","guid":{"rendered":"https:\/\/laverdadpublica.com\/?p=65274"},"modified":"2026-09-02T18:25:26","modified_gmt":"2026-09-02T18:25:26","slug":"promese-cal-inicia-plan-piloto-de-cobro-con-tarjetas-de-credito-en-farmacias-del-pueblo","status":"publish","type":"post","link":"https:\/\/laverdadpublica.com\/index.php\/2026\/09\/02\/promese-cal-inicia-plan-piloto-de-cobro-con-tarjetas-de-credito-en-farmacias-del-pueblo\/","title":{"rendered":"Promese\/CAL inicia plan piloto de cobro con tarjetas de cr\u00e9dito en Farmacias del Pueblo"},"content":{"rendered":"<p style=\"text-align: justify;\"><strong>Santo Domingo.-<\/strong> El Programa de Medicamentos Esenciales y Central de Apoyo Log\u00edstico (Promese\/CAL) inici\u00f3 la implementaci\u00f3n del cobro con tarjetas de cr\u00e9dito y d\u00e9bito en la red de Farmacias del Pueblo, iniciando con un plan piloto en la sucursal de Ciudad de la Salud.<\/p>\n<p style=\"text-align: justify;\">La iniciativa est\u00e1 enfocada en agilizar los servicios ofrecidos en las Farmacias del Pueblo, brindando mayores facilidades a la ciudadan\u00eda y optimizando la gesti\u00f3n operativa de Promese\/CAL.<\/p>\n<p style=\"text-align: justify;\">El proyecto contempla expandirse en su primera etapa a 20 farmacias trazadoras situadas en los puntos m\u00e1s estrat\u00e9gicos del pa\u00eds, para luego sumar 30 sucursales adicionales y posteriormente completar la cobertura en todo el territorio nacional.<\/p>\n<blockquote>\n<p style=\"text-align: center;\">\u201cEsta iniciativa de digitalizaci\u00f3n no solo ofrece una alternativa de pago m\u00e1s \u00e1gil, c\u00f3moda y segura para los usuarios que acuden diariamente en busca de medicamentos esenciales, sino que transforma la estructura tecnol\u00f3gica interna de Promese\/Cal al interconectar y unificar los registros de venta de cada unidad\u201d, destac\u00f3 Hamlet Alm\u00e1nzar, director de Tecnolog\u00eda de Promese\/CAL.<\/p>\n<\/blockquote>\n<p style=\"text-align: justify;\">Indic\u00f3 que la homologaci\u00f3n de los datos en tiempo real elimina la dependencia de sistemas independientes y aislados, permitiendo aprovechar la anal\u00edtica de datos para una toma de decisiones m\u00e1s precisa en la gesti\u00f3n de inventarios y log\u00edstica de distribuci\u00f3n.<\/p>\n<p style=\"text-align: justify;\">Alm\u00e1nzar concluy\u00f3 aseverando que, con esta innovaci\u00f3n, Promese\/CAL reafirma su compromiso de continuar modernizando sus procesos institucionales para garantizar un servicio m\u00e1s eficiente, incluyente y adaptado a las necesidades de la poblaci\u00f3n dominicana.<\/p>\n<p style=\"text-align: justify;\">Fuente: PROMESE\/CAL<\/p>\n","protected":false},"excerpt":{"rendered":"<p>Santo Domingo.- El Programa de Medicamentos Esenciales y Central de Apoyo Log\u00edstico (Promese\/CAL) inici\u00f3 la<\/p>\n","protected":false},"author":4,"featured_media":65276,"comment_status":"open","ping_status":"open","sticky":false,"template":"","format":"standard","meta":{"footnotes":""},"categories":[7,221],"tags":[],"class_list":["post-65274","post","type-post","status-publish","format-standard","has-post-thumbnail","hentry","category-nacionales","category-salud"],"_links":{"self":[{"href":"https:\/\/laverdadpublica.com\/index.php\/wp-json\/wp\/v2\/posts\/65274","targetHints":{"allow":["GET"]}}],"collection":[{"href":"https:\/\/laverdadpublica.com\/index.php\/wp-json\/wp\/v2\/posts"}],"about":[{"href":"https:\/\/laverdadpublica.com\/index.php\/wp-json\/wp\/v2\/types\/post"}],"author":[{"embeddable":true,"href":"https:\/\/laverdadpublica.com\/index.php\/wp-json\/wp\/v2\/users\/4"}],"replies":[{"embeddable":true,"href":"https:\/\/laverdadpublica.com\/index.php\/wp-json\/wp\/v2\/comments?post=65274"}],"version-history":[{"count":1,"href":"https:\/\/laverdadpublica.com\/index.php\/wp-json\/wp\/v2\/posts\/65274\/revisions"}],"predecessor-version":[{"id":65275,"href":"https:\/\/laverdadpublica.com\/index.php\/wp-json\/wp\/v2\/posts\/65274\/revisions\/65275"}],"wp:featuredmedia":[{"embeddable":true,"href":"https:\/\/laverdadpublica.com\/index.php\/wp-json\/wp\/v2\/media\/65276"}],"wp:attachment":[{"href":"https:\/\/laverdadpublica.com\/index.php\/wp-json\/wp\/v2\/media?parent=65274"}],"wp:term":[{"taxonomy":"category","embeddable":true,"href":"https:\/\/laverdadpublica.com\/index.php\/wp-json\/wp\/v2\/categories?post=65274"},{"taxonomy":"post_tag","embeddable":true,"href":"https:\/\/laverdadpublica.com\/index.php\/wp-json\/wp\/v2\/tags?post=65274"}],"curies":[{"name":"wp","href":"https:\/\/api.w.org\/{rel}","templated":true}]}}