{"id":6994,"date":"2023-09-26T18:16:04","date_gmt":"2023-09-26T18:16:04","guid":{"rendered":"https:\/\/laverdadpublica.com\/?p=6994"},"modified":"2023-09-26T18:16:04","modified_gmt":"2023-09-26T18:16:04","slug":"copardom-analizara-retos-digitales-de-la-seguridad-y-salud-en-el-trabajo","status":"publish","type":"post","link":"https:\/\/laverdadpublica.com\/index.php\/2023\/09\/26\/copardom-analizara-retos-digitales-de-la-seguridad-y-salud-en-el-trabajo\/","title":{"rendered":"Copardom analizar\u00e1 retos digitales de la seguridad y salud en el trabajo"},"content":{"rendered":"<p style=\"text-align: justify;\"><em>La entidad har\u00e1 el 9 y 10 de octubre pr\u00f3ximo una exposici\u00f3n comercial con el sector patronal y un congreso que abordar\u00e1 estos temas con expositores locales e internacionales.<\/em><\/p>\n<p style=\"text-align: justify;\"><em>Destacan que la Inteligencia artificial genera retos porque muchos empleos desaparecer\u00e1n por ser mec\u00e1nicos y repetitivos, es por eso que tienen grandes posibilidades de sustituci\u00f3n por procesos automatizados. No obstante, en ese cambio, se generar\u00e1n nuevos puestos de trabajo.<\/em><\/p>\n<p style=\"text-align: justify;\"><img decoding=\"async\" class=\"size-medium wp-image-6995 alignright lazyload\" data-src=\"https:\/\/laverdadpublica.com\/wp-content\/uploads\/2023\/09\/WhatsApp-Image-2023-09-25-at-14.45.57-300x200.jpeg\" alt=\"\" width=\"300\" height=\"200\" data-srcset=\"https:\/\/laverdadpublica.com\/wp-content\/uploads\/2023\/09\/WhatsApp-Image-2023-09-25-at-14.45.57-300x200.jpeg 300w, https:\/\/laverdadpublica.com\/wp-content\/uploads\/2023\/09\/WhatsApp-Image-2023-09-25-at-14.45.57-1024x682.jpeg 1024w, https:\/\/laverdadpublica.com\/wp-content\/uploads\/2023\/09\/WhatsApp-Image-2023-09-25-at-14.45.57-768x512.jpeg 768w, https:\/\/laverdadpublica.com\/wp-content\/uploads\/2023\/09\/WhatsApp-Image-2023-09-25-at-14.45.57.jpeg 1280w\" data-sizes=\"(max-width: 300px) 100vw, 300px\" src=\"data:image\/svg+xml;base64,PHN2ZyB3aWR0aD0iMSIgaGVpZ2h0PSIxIiB4bWxucz0iaHR0cDovL3d3dy53My5vcmcvMjAwMC9zdmciPjwvc3ZnPg==\" style=\"--smush-placeholder-width: 300px; --smush-placeholder-aspect-ratio: 300\/200;\" \/><\/p>\n<p style=\"text-align: justify;\">Santo Domingo, Rep. Dom.- Veinticuatro especialistas nacionales y de otras siete naciones de este continente y Europa analizar\u00e1n en el pa\u00eds los riesgos laborales en el \u201cXXI Congreso Copardom\u201d, con el tema \u201cRetos digitales y sociales de la seguridad y salud en el trabajo\u201d, organizada el 9 y 10 de octubre pr\u00f3ximo por la Confederaci\u00f3n Patronal de la Rep\u00fablica Dominicana.<\/p>\n<p style=\"text-align: justify;\">El evento internacional que contar\u00e1 con expositores de Espa\u00f1a, Canad\u00e1, Colombia, Uruguay, Chile, Per\u00fa y M\u00e9xico, ser\u00e1 iniciado con las palabras de la presidenta de la Copardom, Laura Pe\u00f1a Izquierda y el ministro de Trabajo, Luis Miguel De Camps, e incluye la realizaci\u00f3n de una exposici\u00f3n comercial, en el hotel Jaragua, en Santo Domingo.<\/p>\n<p style=\"text-align: justify;\">Los detalles del congreso fueron ofrecidos este lunes en un encuentro sostenido en la torre empresarial AIRD, por los directivos de la Copardom, encabezado por Pe\u00f1a Izquierdo, presidenta; H\u00e9ctor Bret\u00f3n, tesorero; Christy Luciano y Antonio Ramos, directores de la junta directiva, y Pedro Rodr\u00edguez, vicepresidente ejecutivo.<\/p>\n<p style=\"text-align: justify;\">La presidente de la Copardom explic\u00f3 que entre los objetivos de la actividad est\u00e1n la de promover en agentes econ\u00f3micos y sociales el fomento de la mejora de la seguridad y salud en el trabajo para garantizar el derecho fundamental de la Organizaci\u00f3n Internacional del Trabajo (OIT).<\/p>\n<p style=\"text-align: justify;\">Adem\u00e1s, fomentar el cumplimiento de los Objetivos de desarrollo sostenibles (ODS), incluir la Seguridad Social en el Trabajo (SST) como parte integral de la sostenibilidad generando mejora en la productividad de las empresas, incentivar las tendencias de la SST ante nuevas formas de trabajo y cambios tecnol\u00f3gicos.<\/p>\n<p style=\"text-align: justify;\">Pe\u00f1a Izquierdo manifest\u00f3 que el Congreso de la Copardom tambi\u00e9n promover\u00e1 la salud mental y su influencia directa en los resultados de los trabajadores<\/p>\n<p style=\"text-align: justify;\">Los expositores y temas del congreso<\/p>\n<p style=\"text-align: justify;\">Las exposiciones del primer d\u00eda iniciar\u00e1n con la disertaci\u00f3n \u201cRetos y prioridades para la gobernanza de la Seguridad Social en el Trabajo (SST) en Am\u00e9rica Latina y el Caribe\u201d, a cargo de Tzvetomira Radoslavova, especialista regional espa\u00f1ola en seguridad y salud ocupacional de la oficina para Las Am\u00e9ricas de la OIT, con sede en Lima.<\/p>\n<p style=\"text-align: justify;\">Luego ser\u00e1n las conferencias \u201cEnfermedades emergentes: prepar\u00e1ndonos para los desaf\u00edos del futuro en SST\u201d, por Yaniel Torres, profesor de la Facultad Nacional de Salud P\u00fablica de la Universidad de Antioqu\u00eda, de Canad\u00e1; y \u201cQu\u00e9 nos pasa por la mente cuando hablamos de salud mental laboral?\u201d, por M\u00f3nica Lorena Vargas Betancourt, l\u00edder nacional de salud mental laborales de la Administradora de Riesgos Laborales Sura de Colombia.<\/p>\n<p style=\"text-align: justify;\">El congreso continuar\u00e1 con la disertaci\u00f3n \u201cFitness mental y empresarial: bienestar laboral desde la salud\u201d, a cargo de Jorge Rodr\u00edguez, director general de los centros Body Shop de Uruguay; y el panel \u201cPrevenci\u00f3n de riesgos viales: cultura versus l\u00f3gica\u201d.<\/p>\n<p style=\"text-align: justify;\">Los panelistas ser\u00e1n los miembros de la Fundaci\u00f3n Movido, Miguel Jim\u00e9nez, presidente; Odeliza Mera, especialista en seguridad laboral, prevenci\u00f3n y psicolog\u00eda, y Oscar Beltr\u00e1n, director de planes, programas y proyectos.<\/p>\n<p style=\"text-align: justify;\">Las intervenciones de ese d\u00eda terminar\u00e1n con la conferencia \u201cFeliz-mente: Gestionando t\u00fa cerebro para t\u00fa bienestar y felicidad laboral\u201d, la cual ser\u00e1 pronunciada por Andr\u00e9s San Mart\u00edn, gerente de formaci\u00f3n de Cree Capacitaciones y el facilitador Hub Aliados Rhumansite\u201d.<\/p>\n<p style=\"text-align: justify;\">Las exposiciones del 10 de octubre empezar\u00e1n con \u201cAn\u00e1lisis, manejo y control de riesgos Disergon\u00f3micos. Uso de la Inteligencia Artificial\u201d, por Percy Mes\u00edas, vicepresidenta de seguridad y salud ocupacional de Marsh, de Per\u00fa; y \u201cCaso de buena pr\u00e1ctica. Experiencia de Cemex\u201d, por Carolina Franch, gerente de SISO Cl\u00faster RD-PR, de Cemex.<\/p>\n<p style=\"text-align: justify;\">Asimismo, \u201cCaso de buena pr\u00e1ctica. Experiencia del Grupo Hard Rock\u201d, por Ra\u00fal Zambra Abarca, gerente corporativo de seguridad integral, direcci\u00f3n legal y regulatoria de Hard Rock Hotel &amp; Casino.<\/p>\n<p style=\"text-align: justify;\">Tambi\u00e9n ser\u00e1 desarrollado el panel \u201cRetos legales del uso de la inteligencia artificial con enfoque en protecci\u00f3n social\u201d, a cargo de Tom\u00e1s Hern\u00e1ndez Metz, socio de la firma Headrick-Rizik-Alvarez &amp; Fern\u00e1ndez; Carlos Salcedo, socio de Salcedo &amp; Astacio; Rosalina Trueba, socia de D\u00edaz-Trueba, y Laura Medina, socia de Jim\u00e9nez-Pe\u00f1a.<\/p>\n<p style=\"text-align: justify;\">La disertaci\u00f3n \u201cDigitalizaci\u00f3n de la gesti\u00f3n y entrenamientos de la seguridad y salud en el trabajo\u201d, ser\u00e1 expuesta por Franklyn Cotes, especialista de Barrick Pueblo Viejo, y Jos\u00e9 Antonio Garc\u00eda, encargado de entrenamiento de esa compa\u00f1\u00eda minera.<\/p>\n<p style=\"text-align: justify;\">En horas de la tarde tendr\u00e1 efecto la conferencia \u201cInclusi\u00f3n e igualdad de oportunidades: experiencias empresariales\u201d, por Amelia Prota, directora de recursos humanos de la Asociaci\u00f3n Popular de Ahorros y Pr\u00e9stamos (Apap); Nieves Ramos, directora de recursos humanos del Grupo SID; Karina Guaba, vicepresidenta de recursos humanos del Grupo Punta Cana, y Franchesca S\u00e1nchez, gerente de atracci\u00f3n de talento de la empresa telecomunicaciones Claro.<\/p>\n<p style=\"text-align: justify;\">La jornada concluir\u00e1 con la charla \u201cLideres humanos y herramientas para construir equipos de trabajo productivos, rentables y sostenibles\u201d, a cargo de Andr\u00e9s Ram\u00edrez, creador de la empresa Sue\u00f1os Plurum.<\/p>\n<p style=\"text-align: justify;\">\n* * * * * * * * * * * * * * * *<\/p>\n<p style=\"text-align: justify;\">Fuente:\u00a0Enver L\u00f3pez Milander (enverolm@gmail.com)<\/p>\n","protected":false},"excerpt":{"rendered":"<p>La entidad har\u00e1 el 9 y 10 de octubre pr\u00f3ximo una exposici\u00f3n comercial con el<\/p>\n","protected":false},"author":1,"featured_media":0,"comment_status":"open","ping_status":"open","sticky":false,"template":"","format":"standard","meta":{"footnotes":""},"categories":[7],"tags":[],"class_list":["post-6994","post","type-post","status-publish","format-standard","hentry","category-nacionales"],"_links":{"self":[{"href":"https:\/\/laverdadpublica.com\/index.php\/wp-json\/wp\/v2\/posts\/6994","targetHints":{"allow":["GET"]}}],"collection":[{"href":"https:\/\/laverdadpublica.com\/index.php\/wp-json\/wp\/v2\/posts"}],"about":[{"href":"https:\/\/laverdadpublica.com\/index.php\/wp-json\/wp\/v2\/types\/post"}],"author":[{"embeddable":true,"href":"https:\/\/laverdadpublica.com\/index.php\/wp-json\/wp\/v2\/users\/1"}],"replies":[{"embeddable":true,"href":"https:\/\/laverdadpublica.com\/index.php\/wp-json\/wp\/v2\/comments?post=6994"}],"version-history":[{"count":1,"href":"https:\/\/laverdadpublica.com\/index.php\/wp-json\/wp\/v2\/posts\/6994\/revisions"}],"predecessor-version":[{"id":6996,"href":"https:\/\/laverdadpublica.com\/index.php\/wp-json\/wp\/v2\/posts\/6994\/revisions\/6996"}],"wp:attachment":[{"href":"https:\/\/laverdadpublica.com\/index.php\/wp-json\/wp\/v2\/media?parent=6994"}],"wp:term":[{"taxonomy":"category","embeddable":true,"href":"https:\/\/laverdadpublica.com\/index.php\/wp-json\/wp\/v2\/categories?post=6994"},{"taxonomy":"post_tag","embeddable":true,"href":"https:\/\/laverdadpublica.com\/index.php\/wp-json\/wp\/v2\/tags?post=6994"}],"curies":[{"name":"wp","href":"https:\/\/api.w.org\/{rel}","templated":true}]}}