{"id":7419,"date":"2023-10-04T03:15:54","date_gmt":"2023-10-04T03:15:54","guid":{"rendered":"https:\/\/laverdadpublica.com\/?p=7419"},"modified":"2023-10-06T03:18:25","modified_gmt":"2023-10-06T03:18:25","slug":"congreso-nacional-recibe-presidente-de-surinam-chandrikapersad-santokhi","status":"publish","type":"post","link":"https:\/\/laverdadpublica.com\/index.php\/2023\/10\/04\/congreso-nacional-recibe-presidente-de-surinam-chandrikapersad-santokhi\/","title":{"rendered":"Congreso Nacional recibe presidente de Surinam Chandrikapersad Santokhi"},"content":{"rendered":"<div class=\"post-header\">\n<div class=\"post-head\">\n<h1 class=\"post-title entry-title\" style=\"text-align: justify;\"><\/h1>\n<\/div>\n<\/div>\n<article>\n<div id=\"post-body-2717710204346569381\" class=\"post-body entry-content\" style=\"text-align: justify;\">\n<p style=\"text-align: justify;\">SANTO DOMINGO. \u2013 El Congreso Nacional se constituy\u00f3 en Reuni\u00f3n Conjunta para recibir este jueves al presidente de la Rep\u00fablica de Surinam, Chandrikapersad Santokhi, en una ceremonia solemne que se realiz\u00f3 en el Sal\u00f3n de la Asamblea Nacional, como parte de la visita oficial del mandatario al pa\u00eds.<\/p>\n<p style=\"text-align: justify;\"><img decoding=\"async\" class=\"alignleft lazyload\" data-src=\"https:\/\/blogger.googleusercontent.com\/img\/b\/R29vZ2xl\/AVvXsEjnkU5FvwBAKyw3Rkk1UZQPn8M5QMMAx90Haf9z4xh8aSXtS9JCGiy9HwmHoJsv4FaRbU9D_P5BelyV6KdqGGC2hsiRQzncalTz3ugxt5ycUV08_kAH5KnOPQHtjyrFzELK221rmeuomaVO-MeU1uPYF9jXiwJ2hzU8_Rtth5eouDiwGzWXau8r7FvV6G4\/s320\/IMG-20231005-WA0751.jpg\" alt=\"IMG-20231005-WA0751\" src=\"data:image\/svg+xml;base64,PHN2ZyB3aWR0aD0iMSIgaGVpZ2h0PSIxIiB4bWxucz0iaHR0cDovL3d3dy53My5vcmcvMjAwMC9zdmciPjwvc3ZnPg==\" \/><\/p>\n<p style=\"text-align: justify;\">A su llegada al Palacio del Congreso Nacional, el gobernante surinam\u00e9s recibi\u00f3 los honores correspondientes a su investidura, y fue recibido por los presidentes de las c\u00e1maras legislativas, Ricardo de los Santos, del Senado de la Rep\u00fablica; y Alfredo Pacheco, de la C\u00e1mara de Diputados.<\/p>\n<p style=\"text-align: justify;\"><img decoding=\"async\" class=\"alignright lazyload\" data-src=\"https:\/\/blogger.googleusercontent.com\/img\/b\/R29vZ2xl\/AVvXsEgkhynomyigbDNd7x3zvEmb51lypYyyERWfG7VyHOwW7fVWKk05QA_zDryclWFSAtTUQAk4r5wgXRQ7PEX_TJjmNKQGcYsLABEcMdF3a5uXmekBFxtD2nNxMnpi9PqKX48dmhSuC6NqAJ9-HCy_jgLyFIM1qmblAK_rd-h-FBerW28wGgaqu22afnXrGT4\/s320\/IMG-20231005-WA0752.jpg\" alt=\"IMG-20231005-WA0752\" src=\"data:image\/svg+xml;base64,PHN2ZyB3aWR0aD0iMSIgaGVpZ2h0PSIxIiB4bWxucz0iaHR0cDovL3d3dy53My5vcmcvMjAwMC9zdmciPjwvc3ZnPg==\" \/><\/p>\n<p style=\"text-align: justify;\">Durante su discurso de bienvenida, el presidente de la C\u00e1mara Alta, Ricardo de los Santos, destac\u00f3 el llamado permanente hecho por el gobierno dominicano a la comunidad internacional de acudir en auxilio de Hait\u00ed, debido a que \u201cest\u00e1 sumergida en una profunda crisis pol\u00edtica, social y econ\u00f3mica\u201d.<\/p>\n<p style=\"text-align: justify;\">De los Santos felicit\u00f3 al Consejo de Seguridad de la Organizaci\u00f3n de las Naciones Unidas (ONU) por la aprobaci\u00f3n de la resoluci\u00f3n que autoriza el despliegue de una fuerza multinacional en Hait\u00ed, \u201cy a Kenia, por liderar el grupo de pa\u00edses que llevar\u00e1n a cabo la tarea de pacificaci\u00f3n, en la cual, Surinam ocupar\u00e1 un rol importante\u201d.<\/p>\n<p style=\"text-align: justify;\">El presidente de la C\u00e1mara Alta dijo esperar que con la visita del presidente de Surinam se estrechen m\u00e1s los v\u00ednculos entre ambas naciones y record\u00f3 que Surinam y Rep\u00fablica Dominicana forman parte de m\u00e1s de cuarenta organismos y foros internacionales, y comparten importantes acuerdos, entre los que mencion\u00f3 el Protocolo de Kyoto, que limita y reduce las emisiones de gases de efecto invernadero.<\/p>\n<p style=\"text-align: justify;\">\u201cLa cooperaci\u00f3n bilateral entre ambos pueblos, promete aprovechar el potencial en las \u00e1reas de la agricultura, energ\u00eda, conectividad, cultura, comercio y relaciones parlamentarias\u201d, anot\u00f3 De los Santos quien adem\u00e1s resalt\u00f3 que el Congreso Nacional impulsa iniciativas legislativas que promueven la eficiencia energ\u00e9tica. <img decoding=\"async\" class=\"alignleft lazyload\" data-src=\"https:\/\/blogger.googleusercontent.com\/img\/b\/R29vZ2xl\/AVvXsEgfdQdWBiQOHCE62zk6NRkE6c8zms6rj_XkX9ajLR8YtKawadP6jHsWH_I5dhp-YRFa1MKu8qRvXPfOJS_g2wlTlfeZUE_26_pywBxTJS7bdcBuXFmZ9iSTQzkD0wgufWUPVStsxZP88jQj8daxVyO-66SkHcxLV-fBMTY_kYZ1Ik5ptbjDn0AYhwo-Wtk\/s320\/IMG-20231005-WA0753.jpg\" alt=\"IMG-20231005-WA0753\" src=\"data:image\/svg+xml;base64,PHN2ZyB3aWR0aD0iMSIgaGVpZ2h0PSIxIiB4bWxucz0iaHR0cDovL3d3dy53My5vcmcvMjAwMC9zdmciPjwvc3ZnPg==\" \/><\/p>\n<p style=\"text-align: justify;\">En tanto, el presidente de Surinam, Chandrikapersad Santokhi, anunci\u00f3 que su pa\u00eds proveer\u00e1 tropas de seguridad a la misi\u00f3n de paz que se desplegar\u00e1 en Hait\u00ed encabezada por Kenia e indic\u00f3 que esas gestiones son necesarias para la pacificaci\u00f3n de ese territorio con la finalidad de garantizar la estabilidad de la regi\u00f3n.<\/p>\n<p style=\"text-align: justify;\">El mandatario refiri\u00f3 los desaf\u00edos comunes que enfrentan Surinam y Rep\u00fablica Dominicana y resalt\u00f3 acuerdos firmados en \u00e1reas de energ\u00eda, agricultura, industria de los hidrocarburos y servicios a\u00e9reos, asegurando que \u201cvan a beneficiar a nuestra gente y a nuestra econom\u00eda\u201d.<\/p>\n<p>\u201cNuestros intereses compartidos son de comprometernos a\u00fan m\u00e1s en el fortalecimiento del di\u00e1logo y los valores democr\u00e1ticos, protegiendo los derechos humanos y la aplicaci\u00f3n de reglas de buen gobierno y fortalecer una comunidad caribe\u00f1a\u201d, subray\u00f3 Santokhi, quien extern\u00f3 sus deseos de que la alianza sea duradera.<\/p>\n<p>El recibimiento del presidente de la Rep\u00fablica de Surinam concluy\u00f3 con la detonaci\u00f3n de 21 salvas y la entonaci\u00f3n de los himnos surinam\u00e9s y dominicano, como parte del protocolo establecido en la Constituci\u00f3n de la Rep\u00fablica y el Reglamento para el Funcionamiento de la Asamblea Nacional y las Reuniones Conjuntas de las C\u00e1maras.<\/p>\n<\/div>\n<p style=\"text-align: justify;\">Fuente: Congreso RD<\/p>\n<\/article>\n","protected":false},"excerpt":{"rendered":"<p>SANTO DOMINGO. \u2013 El Congreso Nacional se constituy\u00f3 en Reuni\u00f3n Conjunta para recibir este jueves<\/p>\n","protected":false},"author":4,"featured_media":0,"comment_status":"open","ping_status":"open","sticky":false,"template":"","format":"standard","meta":{"footnotes":""},"categories":[7],"tags":[],"class_list":["post-7419","post","type-post","status-publish","format-standard","hentry","category-nacionales"],"_links":{"self":[{"href":"https:\/\/laverdadpublica.com\/index.php\/wp-json\/wp\/v2\/posts\/7419","targetHints":{"allow":["GET"]}}],"collection":[{"href":"https:\/\/laverdadpublica.com\/index.php\/wp-json\/wp\/v2\/posts"}],"about":[{"href":"https:\/\/laverdadpublica.com\/index.php\/wp-json\/wp\/v2\/types\/post"}],"author":[{"embeddable":true,"href":"https:\/\/laverdadpublica.com\/index.php\/wp-json\/wp\/v2\/users\/4"}],"replies":[{"embeddable":true,"href":"https:\/\/laverdadpublica.com\/index.php\/wp-json\/wp\/v2\/comments?post=7419"}],"version-history":[{"count":1,"href":"https:\/\/laverdadpublica.com\/index.php\/wp-json\/wp\/v2\/posts\/7419\/revisions"}],"predecessor-version":[{"id":7420,"href":"https:\/\/laverdadpublica.com\/index.php\/wp-json\/wp\/v2\/posts\/7419\/revisions\/7420"}],"wp:attachment":[{"href":"https:\/\/laverdadpublica.com\/index.php\/wp-json\/wp\/v2\/media?parent=7419"}],"wp:term":[{"taxonomy":"category","embeddable":true,"href":"https:\/\/laverdadpublica.com\/index.php\/wp-json\/wp\/v2\/categories?post=7419"},{"taxonomy":"post_tag","embeddable":true,"href":"https:\/\/laverdadpublica.com\/index.php\/wp-json\/wp\/v2\/tags?post=7419"}],"curies":[{"name":"wp","href":"https:\/\/api.w.org\/{rel}","templated":true}]}}