{"id":7452,"date":"2023-10-05T03:54:13","date_gmt":"2023-10-05T03:54:13","guid":{"rendered":"https:\/\/laverdadpublica.com\/?p=7452"},"modified":"2023-10-06T03:56:37","modified_gmt":"2023-10-06T03:56:37","slug":"sendiu-lanza-su-campana-tocate-para-que-no-te-toque","status":"publish","type":"post","link":"https:\/\/laverdadpublica.com\/index.php\/2023\/10\/05\/sendiu-lanza-su-campana-tocate-para-que-no-te-toque\/","title":{"rendered":"Sendiu lanza su campa\u00f1a \u201cT\u00f3cate para que no te toque\u201d"},"content":{"rendered":"<header class=\"entry-header\">\n<h1 class=\"entry-title\"><img decoding=\"async\" class=\"aligncenter lazyload\" data-src=\"https:\/\/www.calibrandolaactualidad.net\/base\/picture\/1696467917.jpeg\" src=\"data:image\/svg+xml;base64,PHN2ZyB3aWR0aD0iMSIgaGVpZ2h0PSIxIiB4bWxucz0iaHR0cDovL3d3dy53My5vcmcvMjAwMC9zdmciPjwvc3ZnPg==\" \/><\/h1>\n<\/header>\n<div class=\"entry-content clearfix\">\n<p>Santo Domingo, Rep\u00fablica Dominicana. Octubre del 2023. Sendiu anuncia la apertura a la convocatoria \u201cT\u00f3cate para que no te toque\u201d 2023, que estar\u00e1 disponible desde el 04 \u00a0de octubre hasta el 19 de octubre 2023. C\u00f3mo cada a\u00f1o Sendiu realiza esta convocatoria para todas las instituciones que luchen contra el c\u00e1ncer de mama, donando los servicios de su plataforma de SMSi para que puedan enviar un mensaje de apoyo a 5,000.00 mujeres que luchan para la prevenci\u00f3n de esta enfermedad.<\/p>\n<p>Jorge Mancebo CEO de Sendiu hace un llamado a estas instituciones para que acudan a esta iniciativa, ya que por las plataformas de Sendiu, pasan millones de mensajes, conversaciones y notificaciones, y ahora quieren usarlas para enviar un mensaje de vida a miles de mujeres y as\u00ed ayudar a sensibilizar y concientizar a la sociedad.<\/p>\n<p>Esta campa\u00f1a Bajo el slogan \u201cT\u00f3cate para que no te toque\u201d tiene como objetivo apoyar proyectos enfocados en ganarle al c\u00e1ncer de mama en la Rep\u00fablica Dominicana.<\/p>\n<p><strong>Qu\u00e9 buscan con esta campa\u00f1a de prevenci\u00f3n:<\/strong><\/p>\n<ul>\n<li>El fortalecimiento de las instituciones dedicadas a la protecci\u00f3n, apoyo y asistencia.<\/li>\n<li>Sensibilizaci\u00f3n para la prevenci\u00f3n aumentando la conciencia p\u00fablica y la movilizaci\u00f3n social.<\/li>\n<li>Educaci\u00f3n para la prevenci\u00f3n para alentar la igualdad y la solidaridad entre los g\u00e9neros<\/li>\n<\/ul>\n<p>Pasa esta convocatoria a qui\u00e9n le pueda interesar y juntos hagamos llegar un mensaje de prevenci\u00f3n y vida.<\/p>\n<\/div>\n<p>&nbsp;<\/p>\n<p>Fuente: Prensa Sendiu<\/p>\n","protected":false},"excerpt":{"rendered":"<p>Santo Domingo, Rep\u00fablica Dominicana. Octubre del 2023. Sendiu anuncia la apertura a la convocatoria \u201cT\u00f3cate<\/p>\n","protected":false},"author":2,"featured_media":0,"comment_status":"open","ping_status":"open","sticky":false,"template":"","format":"standard","meta":{"footnotes":""},"categories":[221],"tags":[],"class_list":["post-7452","post","type-post","status-publish","format-standard","hentry","category-salud"],"_links":{"self":[{"href":"https:\/\/laverdadpublica.com\/index.php\/wp-json\/wp\/v2\/posts\/7452","targetHints":{"allow":["GET"]}}],"collection":[{"href":"https:\/\/laverdadpublica.com\/index.php\/wp-json\/wp\/v2\/posts"}],"about":[{"href":"https:\/\/laverdadpublica.com\/index.php\/wp-json\/wp\/v2\/types\/post"}],"author":[{"embeddable":true,"href":"https:\/\/laverdadpublica.com\/index.php\/wp-json\/wp\/v2\/users\/2"}],"replies":[{"embeddable":true,"href":"https:\/\/laverdadpublica.com\/index.php\/wp-json\/wp\/v2\/comments?post=7452"}],"version-history":[{"count":1,"href":"https:\/\/laverdadpublica.com\/index.php\/wp-json\/wp\/v2\/posts\/7452\/revisions"}],"predecessor-version":[{"id":7453,"href":"https:\/\/laverdadpublica.com\/index.php\/wp-json\/wp\/v2\/posts\/7452\/revisions\/7453"}],"wp:attachment":[{"href":"https:\/\/laverdadpublica.com\/index.php\/wp-json\/wp\/v2\/media?parent=7452"}],"wp:term":[{"taxonomy":"category","embeddable":true,"href":"https:\/\/laverdadpublica.com\/index.php\/wp-json\/wp\/v2\/categories?post=7452"},{"taxonomy":"post_tag","embeddable":true,"href":"https:\/\/laverdadpublica.com\/index.php\/wp-json\/wp\/v2\/tags?post=7452"}],"curies":[{"name":"wp","href":"https:\/\/api.w.org\/{rel}","templated":true}]}}