{"id":7737,"date":"2023-10-10T04:37:24","date_gmt":"2023-10-10T04:37:24","guid":{"rendered":"https:\/\/laverdadpublica.com\/?p=7737"},"modified":"2023-10-11T04:42:46","modified_gmt":"2023-10-11T04:42:46","slug":"embajador-de-israel-en-rd-destaca-interes-de-que-dominicanos-esten-bien-tras-ataques-terroristas-en-su-pais","status":"publish","type":"post","link":"https:\/\/laverdadpublica.com\/index.php\/2023\/10\/10\/embajador-de-israel-en-rd-destaca-interes-de-que-dominicanos-esten-bien-tras-ataques-terroristas-en-su-pais\/","title":{"rendered":"Embajador de Israel en RD destaca inter\u00e9s de que dominicanos est\u00e9n bien tras ataques terroristas en su pa\u00eds"},"content":{"rendered":"<blockquote>\n<p style=\"text-align: justify;\">Advirti\u00f3 \u00f3 que grupo Hamas pagar\u00e1 por brutales da\u00f1os con cohetes e ingreso a Israel matando a ni\u00f1os, mujeres, hombres y secuestrando beb\u00e9s de hasta seis meses.<\/p>\n<\/blockquote>\n<p style=\"text-align: justify;\">\u00a0Santo Domingo.-El embajador de Israel en la Rep\u00fablica Dominicana, Raslan Abu Rakun, destac\u00f3 este martes el inter\u00e9s de que la comunidad dominicana en esa naci\u00f3n est\u00e9 bien, tras los ataques terroristas del grupo Hamas.<\/p>\n<p style=\"text-align: justify;\"><img decoding=\"async\" class=\"size-medium wp-image-7738 aligncenter lazyload\" data-src=\"https:\/\/laverdadpublica.com\/wp-content\/uploads\/2023\/10\/IMG-20231010-WA0170-300x169.jpg\" alt=\"\" width=\"300\" height=\"169\" data-srcset=\"https:\/\/laverdadpublica.com\/wp-content\/uploads\/2023\/10\/IMG-20231010-WA0170-300x169.jpg 300w, https:\/\/laverdadpublica.com\/wp-content\/uploads\/2023\/10\/IMG-20231010-WA0170-1024x576.jpg 1024w, https:\/\/laverdadpublica.com\/wp-content\/uploads\/2023\/10\/IMG-20231010-WA0170-768x432.jpg 768w, https:\/\/laverdadpublica.com\/wp-content\/uploads\/2023\/10\/IMG-20231010-WA0170-1536x864.jpg 1536w, https:\/\/laverdadpublica.com\/wp-content\/uploads\/2023\/10\/IMG-20231010-WA0170-800x450.jpg 800w, https:\/\/laverdadpublica.com\/wp-content\/uploads\/2023\/10\/IMG-20231010-WA0170.jpg 1600w\" data-sizes=\"(max-width: 300px) 100vw, 300px\" src=\"data:image\/svg+xml;base64,PHN2ZyB3aWR0aD0iMSIgaGVpZ2h0PSIxIiB4bWxucz0iaHR0cDovL3d3dy53My5vcmcvMjAwMC9zdmciPjwvc3ZnPg==\" style=\"--smush-placeholder-width: 300px; --smush-placeholder-aspect-ratio: 300\/169;\" \/><\/p>\n<p style=\"text-align: justify;\">Entrevistado en exclusiva por Francisco Tav\u00e1rez, en el programa El Dem\u00f3crata TV, por Teleradio Am\u00e9rica, canal 12, el diplom\u00e1tico hizo un balance de la guerra, y destac\u00f3 la relaci\u00f3n hist\u00f3rica de hermandad entre Rep\u00fablica Dominicana e Israel, principalmente en \u00e1reas como agricultura y tecnolog\u00eda.<\/p>\n<p style=\"text-align: justify;\">Ante cualquier necesidad de dominicanos en Israel dio garant\u00eda de ayuda de las autoridades de su pa\u00eds en coordinaci\u00f3n con la embajada dominicana.<\/p>\n<p style=\"text-align: justify;\">\u00a0Advirti\u00f3 \u00f3 que el grupo terrorista Hamas pagar\u00e1 muy caro este ataque al pueblo de Israel, cuando los jud\u00edos celebraban el Shabat ((d\u00eda de descanso semanal, tiene un significado espiritual y conmemora el s\u00e9ptimo d\u00eda de la Creaci\u00f3n seg\u00fan la tradici\u00f3n jud\u00eda, cuando Dios descans\u00f3).<\/p>\n<p style=\"text-align: justify;\">\u00a0\u201cEste ataque comenz\u00f3 con cohetes, bombas, entraron terroristas a Israel y mataron personas, ni\u00f1os, mujeres, secuestraron ni\u00f1os de hasta seis meses. Desde este momento las fuerzas de defensas de Israel han estado en lucha contra estas organizaciones. Comenzamos a atacar centros de Hamas en Gaza\u201d, relat\u00f3 el embajador v\u00eda Zoom.<\/p>\n<p style=\"text-align: justify;\">\u00a0Hasta el momento, dijo, han recibido apoyo de todo el mundo libre, pues m\u00e1s de 70 pa\u00edses han hecho comunicados de apoyo a Israel, entre ellos Rep\u00fablica Dominicana por la v\u00eda del presidente Luis Abinader y el canciller Roberto \u00c1lvarez.<\/p>\n<p style=\"text-align: justify;\">\u00a0Tambi\u00e9n mencion\u00f3 el apoyo de los Estados Unidos, Francia, Inglaterra, lo que consider\u00f3 muy importante en este momento porque este ataque brutal necesita una respuesta fuerte.<\/p>\n<p style=\"text-align: justify;\">\u00a0<strong>Relaciones con RD\u00a0<\/strong><\/p>\n<p style=\"text-align: justify;\"><img decoding=\"async\" class=\"size-medium wp-image-7739 aligncenter lazyload\" data-src=\"https:\/\/laverdadpublica.com\/wp-content\/uploads\/2023\/10\/IMG-20231010-WA0168-300x169.jpg\" alt=\"\" width=\"300\" height=\"169\" data-srcset=\"https:\/\/laverdadpublica.com\/wp-content\/uploads\/2023\/10\/IMG-20231010-WA0168-300x169.jpg 300w, https:\/\/laverdadpublica.com\/wp-content\/uploads\/2023\/10\/IMG-20231010-WA0168-1024x576.jpg 1024w, https:\/\/laverdadpublica.com\/wp-content\/uploads\/2023\/10\/IMG-20231010-WA0168-768x432.jpg 768w, https:\/\/laverdadpublica.com\/wp-content\/uploads\/2023\/10\/IMG-20231010-WA0168-1536x864.jpg 1536w, https:\/\/laverdadpublica.com\/wp-content\/uploads\/2023\/10\/IMG-20231010-WA0168-800x450.jpg 800w, https:\/\/laverdadpublica.com\/wp-content\/uploads\/2023\/10\/IMG-20231010-WA0168.jpg 1600w\" data-sizes=\"(max-width: 300px) 100vw, 300px\" src=\"data:image\/svg+xml;base64,PHN2ZyB3aWR0aD0iMSIgaGVpZ2h0PSIxIiB4bWxucz0iaHR0cDovL3d3dy53My5vcmcvMjAwMC9zdmciPjwvc3ZnPg==\" style=\"--smush-placeholder-width: 300px; --smush-placeholder-aspect-ratio: 300\/169;\" \/><\/p>\n<p style=\"text-align: justify;\">\u00a0Sobre las relaciones entre la Rep\u00fablica Dominicana e Israel destac\u00f3 que han sido hermanos y amigos por muchos a\u00f1os y agradeci\u00f3 el respaldo que han recibido en tiempos tan dif\u00edciles. Subray\u00f3 en que Israel cuentan con una comunidad dominicana peque\u00f1a, pero importante.<\/p>\n<p style=\"text-align: justify;\">\u00a0Se refiri\u00f3 a los trabajos que realiza su hom\u00f3loga dominicana en Israel en medio de esta crisis.<\/p>\n<blockquote><p>\u00a0\u201cEsperamos que todos est\u00e9n bien, pero cualquier ayuda que se necesite la embajada dominicana con los israel\u00ed resolver\u00e1n cualquier situaci\u00f3n\u201d, manifest\u00f3.<\/p><\/blockquote>\n<p style=\"text-align: justify;\">\u00a0Y agreg\u00f3: \u201cLas relaciones entre Israel y RD son excelentes, en los \u00faltimos a\u00f1os tenemos relaciones econ\u00f3micas en el \u00e1rea de agricultura, tecnolog\u00eda y otras \u00e1reas\u201d, precis\u00f3.<\/p>\n<p style=\"text-align: justify;\">\u00a0Hizo hincapi\u00e9 en que tambi\u00e9n trabajan para fortalecer las relaciones en cultura y econom\u00eda.<\/p>\n<p style=\"text-align: justify;\">VIDEO: https:\/\/we.tl\/t-goC6iNUaMv<\/p>\n<p style=\"text-align: justify;\">Fuente: Programa El Dem\u00f3crata TV,<\/p>\n<p style=\"text-align: justify;\">\n","protected":false},"excerpt":{"rendered":"<p>Advirti\u00f3 \u00f3 que grupo Hamas pagar\u00e1 por brutales da\u00f1os con cohetes e ingreso a Israel<\/p>\n","protected":false},"author":1,"featured_media":0,"comment_status":"open","ping_status":"open","sticky":false,"template":"","format":"standard","meta":{"footnotes":""},"categories":[16],"tags":[],"class_list":["post-7737","post","type-post","status-publish","format-standard","hentry","category-internacionales"],"_links":{"self":[{"href":"https:\/\/laverdadpublica.com\/index.php\/wp-json\/wp\/v2\/posts\/7737","targetHints":{"allow":["GET"]}}],"collection":[{"href":"https:\/\/laverdadpublica.com\/index.php\/wp-json\/wp\/v2\/posts"}],"about":[{"href":"https:\/\/laverdadpublica.com\/index.php\/wp-json\/wp\/v2\/types\/post"}],"author":[{"embeddable":true,"href":"https:\/\/laverdadpublica.com\/index.php\/wp-json\/wp\/v2\/users\/1"}],"replies":[{"embeddable":true,"href":"https:\/\/laverdadpublica.com\/index.php\/wp-json\/wp\/v2\/comments?post=7737"}],"version-history":[{"count":2,"href":"https:\/\/laverdadpublica.com\/index.php\/wp-json\/wp\/v2\/posts\/7737\/revisions"}],"predecessor-version":[{"id":7741,"href":"https:\/\/laverdadpublica.com\/index.php\/wp-json\/wp\/v2\/posts\/7737\/revisions\/7741"}],"wp:attachment":[{"href":"https:\/\/laverdadpublica.com\/index.php\/wp-json\/wp\/v2\/media?parent=7737"}],"wp:term":[{"taxonomy":"category","embeddable":true,"href":"https:\/\/laverdadpublica.com\/index.php\/wp-json\/wp\/v2\/categories?post=7737"},{"taxonomy":"post_tag","embeddable":true,"href":"https:\/\/laverdadpublica.com\/index.php\/wp-json\/wp\/v2\/tags?post=7737"}],"curies":[{"name":"wp","href":"https:\/\/api.w.org\/{rel}","templated":true}]}}