{"id":8817,"date":"2023-10-24T02:10:18","date_gmt":"2023-10-24T02:10:18","guid":{"rendered":"https:\/\/laverdadpublica.com\/?p=8817"},"modified":"2023-10-25T02:12:14","modified_gmt":"2023-10-25T02:12:14","slug":"caballistas-de-salamanca-realizan-con-gran-exito-la-primera-entrega-del-salamanca-fest-2023","status":"publish","type":"post","link":"https:\/\/laverdadpublica.com\/index.php\/2023\/10\/24\/caballistas-de-salamanca-realizan-con-gran-exito-la-primera-entrega-del-salamanca-fest-2023\/","title":{"rendered":"Caballistas de Salamanca realizan con gran \u00e9xito la primera entrega del \u00abSalamanca Fest 2023\u00bb"},"content":{"rendered":"<p><img decoding=\"async\" class=\"wp-image-8818 alignleft lazyload\" data-src=\"https:\/\/laverdadpublica.com\/wp-content\/uploads\/2023\/10\/WhatsApp-Image-2023-10-24-at-18.07.49-1-300x135.jpeg\" alt=\"\" width=\"596\" height=\"268\" data-srcset=\"https:\/\/laverdadpublica.com\/wp-content\/uploads\/2023\/10\/WhatsApp-Image-2023-10-24-at-18.07.49-1-300x135.jpeg 300w, https:\/\/laverdadpublica.com\/wp-content\/uploads\/2023\/10\/WhatsApp-Image-2023-10-24-at-18.07.49-1-1024x461.jpeg 1024w, https:\/\/laverdadpublica.com\/wp-content\/uploads\/2023\/10\/WhatsApp-Image-2023-10-24-at-18.07.49-1-768x346.jpeg 768w, https:\/\/laverdadpublica.com\/wp-content\/uploads\/2023\/10\/WhatsApp-Image-2023-10-24-at-18.07.49-1.jpeg 1280w\" data-sizes=\"(max-width: 596px) 100vw, 596px\" src=\"data:image\/svg+xml;base64,PHN2ZyB3aWR0aD0iMSIgaGVpZ2h0PSIxIiB4bWxucz0iaHR0cDovL3d3dy53My5vcmcvMjAwMC9zdmciPjwvc3ZnPg==\" style=\"--smush-placeholder-width: 596px; --smush-placeholder-aspect-ratio: 596\/268;\" \/><\/p>\n<p style=\"text-align: justify;\">Santo Domingo. -Con la presencia de m\u00e1s de 250 caballistas de diferentes puntos del pa\u00eds, se celebr\u00f3 por primera vez el Salamanca Fest 2023, donde el objetivo principal de la actividad fu\u00e9 dar a conocer las bondades de trillos de Salamanca, para el disfrute de todos los amantes del caballo y de las cabalgatas a nivel nacional.<\/p>\n<p style=\"text-align: justify;\">Este grupo caballista de Salamanca cuenta con la conglomeraci\u00f3n de m\u00e1s de 30 ranchos, entre ellos Rancho Don leonel, Rancho Wepa, IS Ranch, Palobonito Ranch, Rancho Laura, Rancho La Gaviota, Rancho Pal\u00f3, Rancho Do\u00f1a Vicenta, entre otros. Las razas que m\u00e1s predominan en estos ranchos es el Paso Higueyano, nuestra Equina Nacional y el Tennessee Walker, raza am\u00e9ricana.<\/p>\n<p style=\"text-align: justify;\">Juan Jorge Mendez, uno de los organizadores, se\u00f1al\u00f3 que, todos los ranchos se re\u00fanen para montar varios d\u00edas a la semana, consolidandose as\u00ed como una gran familia que conviven en armon\u00eda a trav\u00e9s del amor por el caballo. Otro de los miembros de \u00e9sta organizaci\u00f3n, el se\u00f1or Roberto Rodr\u00edguez, propietario de Rancho Don Leonel, anunci\u00f3 que esto ser\u00e1 una tradici\u00f3n en la tercera semana de octubre de cada a\u00f1o.<\/p>\n<p style=\"text-align: justify;\">\u00abEl caballo sigue siendo el protagonista en el turismo, tanto de competencias as\u00ed como en el ecoturismo Nacional, el caballo es el protagonista, el caballo nos une y nos regala siempre grandes aventura sobre su lomo. Hoy el comit\u00e9 Organizador del Salamanca Fest 2023, nos da la posibilidad de participar de un excelente evento para toda la familia, con una gran organizaci\u00f3n\u00bb indic\u00f3 Ivanna Morales, coordinadora del Consejo Nacional Equino.<\/p>\n<p style=\"text-align: justify;\">El evento fue amenizado por la orquesta los Kompa, primer grupo del caribe de m\u00fasica regional mexicana el cual naci\u00f3 en Salamanca y el grupo de merengue tipico dominicano Dinast\u00eda; adem\u00e1s se d\u00edo la bienvenida a todos los participantes con un suculento desayuno tipico dominicano, el fascinante Caf\u00e9 Santo Domingo, Helados Bon, juegos pinta caritas para los m\u00e1s peque\u00f1os y al terminar el d\u00eda una cena especial.<img decoding=\"async\" class=\"wp-image-8819 alignright lazyload\" data-src=\"https:\/\/laverdadpublica.com\/wp-content\/uploads\/2023\/10\/WhatsApp-Image-2023-10-24-at-18.07.49-300x135.jpeg\" alt=\"\" width=\"551\" height=\"248\" data-srcset=\"https:\/\/laverdadpublica.com\/wp-content\/uploads\/2023\/10\/WhatsApp-Image-2023-10-24-at-18.07.49-300x135.jpeg 300w, https:\/\/laverdadpublica.com\/wp-content\/uploads\/2023\/10\/WhatsApp-Image-2023-10-24-at-18.07.49-1024x461.jpeg 1024w, https:\/\/laverdadpublica.com\/wp-content\/uploads\/2023\/10\/WhatsApp-Image-2023-10-24-at-18.07.49-768x346.jpeg 768w, https:\/\/laverdadpublica.com\/wp-content\/uploads\/2023\/10\/WhatsApp-Image-2023-10-24-at-18.07.49.jpeg 1280w\" data-sizes=\"(max-width: 551px) 100vw, 551px\" src=\"data:image\/svg+xml;base64,PHN2ZyB3aWR0aD0iMSIgaGVpZ2h0PSIxIiB4bWxucz0iaHR0cDovL3d3dy53My5vcmcvMjAwMC9zdmciPjwvc3ZnPg==\" style=\"--smush-placeholder-width: 551px; --smush-placeholder-aspect-ratio: 551\/248;\" \/><\/p>\n<p style=\"text-align: justify;\">Salamanca, un lugar perteneciente a la Cuaba, Pedro Brand, est\u00e1 situado a tan solo 22 kil\u00f3metros, de la ciudad de Santo Domingo.<\/p>\n<p style=\"text-align: justify;\">Este grupo caballista cuenta con un portal a trav\u00e9s de la red social Instagram, en el cual comunican todas sus actividades dedicada la familia dominicana y al fomento del crecimiento Ecuestre en el pa\u00eds. (Salamancahorsecountry).<\/p>\n<p style=\"text-align: justify;\">Muchos de los amantes de los caballos considerar\u00f3n que el caballo les brinda la facinaci\u00f3n de recorrer los rincones llenos de sombra, los r\u00edos y arroyos que por all\u00ed cruzan.<\/p>\n<p>&nbsp;<\/p>\n<p>Fuente: Salamanca Horse Country<\/p>\n","protected":false},"excerpt":{"rendered":"<p>Santo Domingo. -Con la presencia de m\u00e1s de 250 caballistas de diferentes puntos del pa\u00eds,<\/p>\n","protected":false},"author":1,"featured_media":0,"comment_status":"open","ping_status":"open","sticky":false,"template":"","format":"standard","meta":{"footnotes":""},"categories":[7],"tags":[],"class_list":["post-8817","post","type-post","status-publish","format-standard","hentry","category-nacionales"],"_links":{"self":[{"href":"https:\/\/laverdadpublica.com\/index.php\/wp-json\/wp\/v2\/posts\/8817","targetHints":{"allow":["GET"]}}],"collection":[{"href":"https:\/\/laverdadpublica.com\/index.php\/wp-json\/wp\/v2\/posts"}],"about":[{"href":"https:\/\/laverdadpublica.com\/index.php\/wp-json\/wp\/v2\/types\/post"}],"author":[{"embeddable":true,"href":"https:\/\/laverdadpublica.com\/index.php\/wp-json\/wp\/v2\/users\/1"}],"replies":[{"embeddable":true,"href":"https:\/\/laverdadpublica.com\/index.php\/wp-json\/wp\/v2\/comments?post=8817"}],"version-history":[{"count":1,"href":"https:\/\/laverdadpublica.com\/index.php\/wp-json\/wp\/v2\/posts\/8817\/revisions"}],"predecessor-version":[{"id":8820,"href":"https:\/\/laverdadpublica.com\/index.php\/wp-json\/wp\/v2\/posts\/8817\/revisions\/8820"}],"wp:attachment":[{"href":"https:\/\/laverdadpublica.com\/index.php\/wp-json\/wp\/v2\/media?parent=8817"}],"wp:term":[{"taxonomy":"category","embeddable":true,"href":"https:\/\/laverdadpublica.com\/index.php\/wp-json\/wp\/v2\/categories?post=8817"},{"taxonomy":"post_tag","embeddable":true,"href":"https:\/\/laverdadpublica.com\/index.php\/wp-json\/wp\/v2\/tags?post=8817"}],"curies":[{"name":"wp","href":"https:\/\/api.w.org\/{rel}","templated":true}]}}