{"id":8942,"date":"2023-10-26T18:44:22","date_gmt":"2023-10-26T18:44:22","guid":{"rendered":"https:\/\/laverdadpublica.com\/?p=8942"},"modified":"2023-10-26T18:44:22","modified_gmt":"2023-10-26T18:44:22","slug":"esta-es-la-razon-por-la-que-se-festeja-el-dia-mundial-de-la-suegra-cada-26-de-octubre","status":"publish","type":"post","link":"https:\/\/laverdadpublica.com\/index.php\/2023\/10\/26\/esta-es-la-razon-por-la-que-se-festeja-el-dia-mundial-de-la-suegra-cada-26-de-octubre\/","title":{"rendered":"Esta es la raz\u00f3n por la que se festeja el D\u00eda Mundial de la Suegra cada 26 de octubre"},"content":{"rendered":"<p style=\"text-align: justify;\"><img decoding=\"async\" class=\"size-medium wp-image-8945 lazyload\" data-src=\"https:\/\/laverdadpublica.com\/wp-content\/uploads\/2023\/10\/Screenshot_2023-10-26_145826-300x215.png\" alt=\"\" width=\"300\" height=\"215\" data-srcset=\"https:\/\/laverdadpublica.com\/wp-content\/uploads\/2023\/10\/Screenshot_2023-10-26_145826-300x215.png 300w, https:\/\/laverdadpublica.com\/wp-content\/uploads\/2023\/10\/Screenshot_2023-10-26_145826-768x549.png 768w, https:\/\/laverdadpublica.com\/wp-content\/uploads\/2023\/10\/Screenshot_2023-10-26_145826.png 874w\" data-sizes=\"(max-width: 300px) 100vw, 300px\" src=\"data:image\/svg+xml;base64,PHN2ZyB3aWR0aD0iMSIgaGVpZ2h0PSIxIiB4bWxucz0iaHR0cDovL3d3dy53My5vcmcvMjAwMC9zdmciPjwvc3ZnPg==\" style=\"--smush-placeholder-width: 300px; --smush-placeholder-aspect-ratio: 300\/215;\" \/><\/p>\n<p style=\"text-align: justify;\">La celebraci\u00f3n se origin\u00f3 por la iniciativa de un peri\u00f3dico estadounidense Howe junto a dos socios hab\u00edan comprado el peri\u00f3dico Amarillo Daily News en 1926, lo fusionaron con otro diario de su propiedad, el Globe, y fundaron el Amarillo Globe News, un poderoso diario sensacionalista del norte de Texas.<\/p>\n<p style=\"text-align: justify;\">A trav\u00e9s de este medio instauraron el D\u00eda de la Suegra. Reci\u00e9n en la d\u00e9cada del 70\u2032 la Sociedad Estadounidense de Floristas puso una fecha precisa (\u00faltimo domingo de octubre) y presion\u00f3 para que se estableciera como D\u00eda Nacional, lo que finalmente ocurri\u00f3, para que su celebraci\u00f3n abarcara los cincuenta estados norteamericanos .Amarillo Daily News en 1926, lo fusionaron con otro diario de su propiedad, el Globe, y fundaron el Amarillo Globe News, un poderoso diario sensacionalista del norte de Texas.<\/p>\n<p style=\"text-align: justify;\">A trav\u00e9s de este medio instauraron el D\u00eda de la Suegra. Reci\u00e9n en la d\u00e9cada del 70\u2032 la Sociedad Estadounidense de Floristas puso una fecha precisa (\u00faltimo domingo de octubre) y presion\u00f3 para que se estableciera como D\u00eda Nacional, lo que finalmente ocurri\u00f3, para que su celebraci\u00f3n abarcara los cincuenta estados norteamericanos.<\/p>\n<p style=\"text-align: justify;\">\n<p style=\"text-align: justify;\">Fuente: El Comercio Per\u00fa<\/p>\n","protected":false},"excerpt":{"rendered":"<p>La celebraci\u00f3n se origin\u00f3 por la iniciativa de un peri\u00f3dico estadounidense Howe junto a dos<\/p>\n","protected":false},"author":4,"featured_media":0,"comment_status":"open","ping_status":"open","sticky":false,"template":"","format":"standard","meta":{"footnotes":""},"categories":[16],"tags":[],"class_list":["post-8942","post","type-post","status-publish","format-standard","hentry","category-internacionales"],"_links":{"self":[{"href":"https:\/\/laverdadpublica.com\/index.php\/wp-json\/wp\/v2\/posts\/8942","targetHints":{"allow":["GET"]}}],"collection":[{"href":"https:\/\/laverdadpublica.com\/index.php\/wp-json\/wp\/v2\/posts"}],"about":[{"href":"https:\/\/laverdadpublica.com\/index.php\/wp-json\/wp\/v2\/types\/post"}],"author":[{"embeddable":true,"href":"https:\/\/laverdadpublica.com\/index.php\/wp-json\/wp\/v2\/users\/4"}],"replies":[{"embeddable":true,"href":"https:\/\/laverdadpublica.com\/index.php\/wp-json\/wp\/v2\/comments?post=8942"}],"version-history":[{"count":1,"href":"https:\/\/laverdadpublica.com\/index.php\/wp-json\/wp\/v2\/posts\/8942\/revisions"}],"predecessor-version":[{"id":8946,"href":"https:\/\/laverdadpublica.com\/index.php\/wp-json\/wp\/v2\/posts\/8942\/revisions\/8946"}],"wp:attachment":[{"href":"https:\/\/laverdadpublica.com\/index.php\/wp-json\/wp\/v2\/media?parent=8942"}],"wp:term":[{"taxonomy":"category","embeddable":true,"href":"https:\/\/laverdadpublica.com\/index.php\/wp-json\/wp\/v2\/categories?post=8942"},{"taxonomy":"post_tag","embeddable":true,"href":"https:\/\/laverdadpublica.com\/index.php\/wp-json\/wp\/v2\/tags?post=8942"}],"curies":[{"name":"wp","href":"https:\/\/api.w.org\/{rel}","templated":true}]}}