{"id":8947,"date":"2023-10-26T18:49:09","date_gmt":"2023-10-26T18:49:09","guid":{"rendered":"https:\/\/laverdadpublica.com\/?p=8947"},"modified":"2023-10-26T18:49:09","modified_gmt":"2023-10-26T18:49:09","slug":"director-de-medios-de-la-presidencia-federico-reynoso-asegura-que-la-gestion-del-presidente-luis-abinader-ha-recuperado-el-inespre","status":"publish","type":"post","link":"https:\/\/laverdadpublica.com\/index.php\/2023\/10\/26\/director-de-medios-de-la-presidencia-federico-reynoso-asegura-que-la-gestion-del-presidente-luis-abinader-ha-recuperado-el-inespre\/","title":{"rendered":"Director de Medios de la Presidencia, Federico Reynoso, asegura que la gesti\u00f3n del presidente Luis Abinader ha recuperado el INESPRE"},"content":{"rendered":"<p style=\"text-align: justify;\"><img decoding=\"async\" class=\"size-medium wp-image-8948 lazyload\" data-src=\"https:\/\/laverdadpublica.com\/wp-content\/uploads\/2023\/10\/IMG-20231026-WA0061-300x300.jpg\" alt=\"\" width=\"300\" height=\"300\" data-srcset=\"https:\/\/laverdadpublica.com\/wp-content\/uploads\/2023\/10\/IMG-20231026-WA0061-300x300.jpg 300w, https:\/\/laverdadpublica.com\/wp-content\/uploads\/2023\/10\/IMG-20231026-WA0061-1024x1024.jpg 1024w, https:\/\/laverdadpublica.com\/wp-content\/uploads\/2023\/10\/IMG-20231026-WA0061-150x150.jpg 150w, https:\/\/laverdadpublica.com\/wp-content\/uploads\/2023\/10\/IMG-20231026-WA0061-768x768.jpg 768w, https:\/\/laverdadpublica.com\/wp-content\/uploads\/2023\/10\/IMG-20231026-WA0061.jpg 1080w\" data-sizes=\"(max-width: 300px) 100vw, 300px\" src=\"data:image\/svg+xml;base64,PHN2ZyB3aWR0aD0iMSIgaGVpZ2h0PSIxIiB4bWxucz0iaHR0cDovL3d3dy53My5vcmcvMjAwMC9zdmciPjwvc3ZnPg==\" style=\"--smush-placeholder-width: 300px; --smush-placeholder-aspect-ratio: 300\/300;\" \/><\/p>\n<p style=\"text-align: justify;\">Santo Domingo, Rep\u00fablica Dominicana. El director de medios de la presidencia, Federico Reynoso Benzan, inform\u00f3 que la gesti\u00f3n del presidente Luis Abinader ha logrado recuperar con \u00e9xito el Instituto Nacional de Estabilizaci\u00f3n de Precios (INESPRE). Instituci\u00f3n que durante este mandato ha beneficiado a diversos sectores de la sociedad con una inversi\u00f3n de RD$ 2,300 millones de pesos.<\/p>\n<blockquote><p>\u201cHasta la fecha de este a\u00f1o, la inversi\u00f3n asciende a 592 millones de pesos, una cifra que demuestra el firme compromiso del gobierno con la seguridad alimentaria de la Rep\u00fablica Dominicana, mostrando adem\u00e1s la dedicaci\u00f3n a fomentar la producci\u00f3n agr\u00edcola, resaltando su importancia en el desarrollo econ\u00f3mico de la naci\u00f3n\u201d, afirm\u00f3 Reynoso Benzan.<\/p><\/blockquote>\n<p style=\"text-align: justify;\">El funcionario detall\u00f3 que el INESPRE ha implementado una serie de programas que benefician tanto a productores como a consumidores, incluyendo la operaci\u00f3n de bodegas m\u00f3viles, mercados de productores, ventas de combos en supermercados, ferias y capacitaci\u00f3n para agricultores, lo que nos permite llevar alimentos de calidad a diferentes comunidades a precios asequibles.<\/p>\n<p style=\"text-align: justify;\"><img decoding=\"async\" class=\"size-medium wp-image-8949 alignright lazyload\" data-src=\"https:\/\/laverdadpublica.com\/wp-content\/uploads\/2023\/10\/IMG-20231026-WA0062-300x200.jpg\" alt=\"\" width=\"300\" height=\"200\" data-srcset=\"https:\/\/laverdadpublica.com\/wp-content\/uploads\/2023\/10\/IMG-20231026-WA0062-300x200.jpg 300w, https:\/\/laverdadpublica.com\/wp-content\/uploads\/2023\/10\/IMG-20231026-WA0062-1024x682.jpg 1024w, https:\/\/laverdadpublica.com\/wp-content\/uploads\/2023\/10\/IMG-20231026-WA0062-768x512.jpg 768w, https:\/\/laverdadpublica.com\/wp-content\/uploads\/2023\/10\/IMG-20231026-WA0062.jpg 1280w\" data-sizes=\"(max-width: 300px) 100vw, 300px\" src=\"data:image\/svg+xml;base64,PHN2ZyB3aWR0aD0iMSIgaGVpZ2h0PSIxIiB4bWxucz0iaHR0cDovL3d3dy53My5vcmcvMjAwMC9zdmciPjwvc3ZnPg==\" style=\"--smush-placeholder-width: 300px; --smush-placeholder-aspect-ratio: 300\/200;\" \/><\/p>\n<p style=\"text-align: justify;\">Federico Reynoso asever\u00f3 que el director del INESPRE, Iv\u00e1n Hern\u00e1ndez Guzm\u00e1n, ha brindado un s\u00f3lido apoyo al sector agr\u00edcola a trav\u00e9s de la adquisici\u00f3n de diversos productos, como arroz, cebollas, pollos enteros y congelados, huevos frescos, papas, pl\u00e1tanos, guineos, ajo y otros productos agr\u00edcolas, que se venden a precios bajos para el consumidor.<\/p>\n<p style=\"text-align: justify;\">Asimismo, el director de medios indic\u00f3 que el gobierno dominicano, a trav\u00e9s del INESPRE, ha extendido su ayuda a los productores afectados por el cierre de la frontera, adquiriendo 21 millones de huevos de m\u00e1s de 10 asociaciones con una inversi\u00f3n de 26 millones de pesos en los \u00faltimos d\u00edas.<\/p>\n<p style=\"text-align: justify;\">Reynoso ponder\u00f3 que el Instituto de Estabilizaci\u00f3n de Precios (INESPRE) se ha convertido en un pilar fundamental para garantizar la estabilidad de los precios de los alimentos y productos agroforestales de la Rep\u00fablica Dominicana.<\/p>\n<p style=\"text-align: justify;\">De igual manera, destac\u00f3 que los programas que aplica el INESPRE y el compromiso de sus l\u00edderes han contribuido al desarrollo econ\u00f3mico y al bienestar de la poblaci\u00f3n dominicana, consolidando su papel como un pilar esencial en la seguridad alimentaria del pa\u00eds.<\/p>\n<p style=\"text-align: justify;\">Reynoso Benzan puntualiz\u00f3 que con este apoyo brindado por el presidente Luis Abinader al INESPRE, queda claro su compromiso en beneficio de los m\u00e1s desfavorecidos es inigualable en comparaci\u00f3n con otros gobiernos que ha tenido la Rep\u00fablica Dominicana.<\/p>\n<p style=\"text-align: justify;\">Fuente: Prensa INESPRE<\/p>\n<p style=\"text-align: justify;\">\n","protected":false},"excerpt":{"rendered":"<p>Santo Domingo, Rep\u00fablica Dominicana. El director de medios de la presidencia, Federico Reynoso Benzan, inform\u00f3<\/p>\n","protected":false},"author":4,"featured_media":0,"comment_status":"open","ping_status":"open","sticky":false,"template":"","format":"standard","meta":{"footnotes":""},"categories":[7],"tags":[],"class_list":["post-8947","post","type-post","status-publish","format-standard","hentry","category-nacionales"],"_links":{"self":[{"href":"https:\/\/laverdadpublica.com\/index.php\/wp-json\/wp\/v2\/posts\/8947","targetHints":{"allow":["GET"]}}],"collection":[{"href":"https:\/\/laverdadpublica.com\/index.php\/wp-json\/wp\/v2\/posts"}],"about":[{"href":"https:\/\/laverdadpublica.com\/index.php\/wp-json\/wp\/v2\/types\/post"}],"author":[{"embeddable":true,"href":"https:\/\/laverdadpublica.com\/index.php\/wp-json\/wp\/v2\/users\/4"}],"replies":[{"embeddable":true,"href":"https:\/\/laverdadpublica.com\/index.php\/wp-json\/wp\/v2\/comments?post=8947"}],"version-history":[{"count":1,"href":"https:\/\/laverdadpublica.com\/index.php\/wp-json\/wp\/v2\/posts\/8947\/revisions"}],"predecessor-version":[{"id":8950,"href":"https:\/\/laverdadpublica.com\/index.php\/wp-json\/wp\/v2\/posts\/8947\/revisions\/8950"}],"wp:attachment":[{"href":"https:\/\/laverdadpublica.com\/index.php\/wp-json\/wp\/v2\/media?parent=8947"}],"wp:term":[{"taxonomy":"category","embeddable":true,"href":"https:\/\/laverdadpublica.com\/index.php\/wp-json\/wp\/v2\/categories?post=8947"},{"taxonomy":"post_tag","embeddable":true,"href":"https:\/\/laverdadpublica.com\/index.php\/wp-json\/wp\/v2\/tags?post=8947"}],"curies":[{"name":"wp","href":"https:\/\/api.w.org\/{rel}","templated":true}]}}