{"id":9167,"date":"2023-10-30T02:11:07","date_gmt":"2023-10-30T02:11:07","guid":{"rendered":"https:\/\/laverdadpublica.com\/?p=9167"},"modified":"2023-10-31T02:12:34","modified_gmt":"2023-10-31T02:12:34","slug":"frente-amplio-en-estados-unidos-elige-sus-candidatos-a-diputado-de-ultramar","status":"publish","type":"post","link":"https:\/\/laverdadpublica.com\/index.php\/2023\/10\/30\/frente-amplio-en-estados-unidos-elige-sus-candidatos-a-diputado-de-ultramar\/","title":{"rendered":"Frente Amplio en Estados Unidos elige sus candidatos a diputado de ultramar"},"content":{"rendered":"<p style=\"text-align: justify;\"><img decoding=\"async\" class=\"size-medium wp-image-9168 lazyload\" data-src=\"https:\/\/laverdadpublica.com\/wp-content\/uploads\/2023\/10\/IMG-20231030-WA0098-300x216.jpg\" alt=\"\" width=\"300\" height=\"216\" data-srcset=\"https:\/\/laverdadpublica.com\/wp-content\/uploads\/2023\/10\/IMG-20231030-WA0098-300x216.jpg 300w, https:\/\/laverdadpublica.com\/wp-content\/uploads\/2023\/10\/IMG-20231030-WA0098-768x553.jpg 768w, https:\/\/laverdadpublica.com\/wp-content\/uploads\/2023\/10\/IMG-20231030-WA0098.jpg 819w\" data-sizes=\"(max-width: 300px) 100vw, 300px\" src=\"data:image\/svg+xml;base64,PHN2ZyB3aWR0aD0iMSIgaGVpZ2h0PSIxIiB4bWxucz0iaHR0cDovL3d3dy53My5vcmcvMjAwMC9zdmciPjwvc3ZnPg==\" style=\"--smush-placeholder-width: 300px; --smush-placeholder-aspect-ratio: 300\/216;\" \/><\/p>\n<p style=\"text-align: justify;\">Nueva York.- Este domingo, el Partido Frente Amplio en los Estados Unidos celebr\u00f3 su convenci\u00f3n congresual para seleccionar a los candidatos a diputado de ultramar por la circunscripci\u00f3n 1. El evento, que tuvo lugar en los estados de Nueva York, Connecticut y Massachusetts, cont\u00f3 con una amplia participaci\u00f3n y se desarroll\u00f3 en un ambiente de armon\u00eda pol\u00edtica.<\/p>\n<p style=\"text-align: justify;\">Los miembros del Frente Amplio de estos estados, as\u00ed como los residentes en New Jersey, se unieron para participar en el proceso electoral y ejercer su derecho de elegir a quienes seran los representantes de su partido en las pr\u00f3ximas elecciones.<\/p>\n<p style=\"text-align: justify;\">Julio Disla, un reconocido periodista, emergi\u00f3 como el ganador indiscutible de esta convenci\u00f3n congresual, al obtener el 53% de los votos. Disla ocupar\u00e1 la primera posici\u00f3n en la boleta electoral para los comicios de mayo pr\u00f3ximo, lo que le da una posici\u00f3n de liderazgo en la lucha por un asiento en el Congreso de la Rep\u00fablica Dominicana.<\/p>\n<p style=\"text-align: justify;\"><img decoding=\"async\" class=\"size-medium wp-image-9169 alignright lazyload\" data-src=\"https:\/\/laverdadpublica.com\/wp-content\/uploads\/2023\/10\/IMG-20231030-WA0099-300x245.jpg\" alt=\"\" width=\"300\" height=\"245\" data-srcset=\"https:\/\/laverdadpublica.com\/wp-content\/uploads\/2023\/10\/IMG-20231030-WA0099-300x245.jpg 300w, https:\/\/laverdadpublica.com\/wp-content\/uploads\/2023\/10\/IMG-20231030-WA0099-1024x837.jpg 1024w, https:\/\/laverdadpublica.com\/wp-content\/uploads\/2023\/10\/IMG-20231030-WA0099-768x628.jpg 768w, https:\/\/laverdadpublica.com\/wp-content\/uploads\/2023\/10\/IMG-20231030-WA0099.jpg 1097w\" data-sizes=\"(max-width: 300px) 100vw, 300px\" src=\"data:image\/svg+xml;base64,PHN2ZyB3aWR0aD0iMSIgaGVpZ2h0PSIxIiB4bWxucz0iaHR0cDovL3d3dy53My5vcmcvMjAwMC9zdmciPjwvc3ZnPg==\" style=\"--smush-placeholder-width: 300px; --smush-placeholder-aspect-ratio: 300\/245;\" \/><\/p>\n<p style=\"text-align: justify;\">Por otro lado, Fausto Echavarr\u00eda obtuvo el 46% de los votos y ocupar\u00e1 la posici\u00f3n n\u00famero 3 en la boleta electoral. A pesar de no haber ganado la primera posici\u00f3n, su respaldo por parte de la comunidad del Frente Amplio es significativo y representa una s\u00f3lida presencia del partido en la contienda electoral.<\/p>\n<p style=\"text-align: justify;\">El resultado de esta convenci\u00f3n marca el inicio de una etapa crucial para el Frente Amplio en los Estados Unidos, ya que deber\u00e1n prepararse para competir con los dem\u00e1s partidos pol\u00edticos que desean alcanzar la misma posici\u00f3n. Los votantes que participaron en esta jornada electoral se han mostrado comprometidos y en\u00e9rgicos en su deseo de influir de manera positiva en el sistema pol\u00edtico dominicano a trav\u00e9s de su apoyo al Frente Amplio y sus candidatos.<\/p>\n<p style=\"text-align: justify;\">\n<p style=\"text-align: justify;\">Fuente: Frente Amplio<\/p>\n","protected":false},"excerpt":{"rendered":"<p>Nueva York.- Este domingo, el Partido Frente Amplio en los Estados Unidos celebr\u00f3 su convenci\u00f3n<\/p>\n","protected":false},"author":4,"featured_media":0,"comment_status":"open","ping_status":"open","sticky":false,"template":"","format":"standard","meta":{"footnotes":""},"categories":[16],"tags":[],"class_list":["post-9167","post","type-post","status-publish","format-standard","hentry","category-internacionales"],"_links":{"self":[{"href":"https:\/\/laverdadpublica.com\/index.php\/wp-json\/wp\/v2\/posts\/9167","targetHints":{"allow":["GET"]}}],"collection":[{"href":"https:\/\/laverdadpublica.com\/index.php\/wp-json\/wp\/v2\/posts"}],"about":[{"href":"https:\/\/laverdadpublica.com\/index.php\/wp-json\/wp\/v2\/types\/post"}],"author":[{"embeddable":true,"href":"https:\/\/laverdadpublica.com\/index.php\/wp-json\/wp\/v2\/users\/4"}],"replies":[{"embeddable":true,"href":"https:\/\/laverdadpublica.com\/index.php\/wp-json\/wp\/v2\/comments?post=9167"}],"version-history":[{"count":1,"href":"https:\/\/laverdadpublica.com\/index.php\/wp-json\/wp\/v2\/posts\/9167\/revisions"}],"predecessor-version":[{"id":9170,"href":"https:\/\/laverdadpublica.com\/index.php\/wp-json\/wp\/v2\/posts\/9167\/revisions\/9170"}],"wp:attachment":[{"href":"https:\/\/laverdadpublica.com\/index.php\/wp-json\/wp\/v2\/media?parent=9167"}],"wp:term":[{"taxonomy":"category","embeddable":true,"href":"https:\/\/laverdadpublica.com\/index.php\/wp-json\/wp\/v2\/categories?post=9167"},{"taxonomy":"post_tag","embeddable":true,"href":"https:\/\/laverdadpublica.com\/index.php\/wp-json\/wp\/v2\/tags?post=9167"}],"curies":[{"name":"wp","href":"https:\/\/api.w.org\/{rel}","templated":true}]}}