{"id":9293,"date":"2023-11-02T02:09:56","date_gmt":"2023-11-02T02:09:56","guid":{"rendered":"https:\/\/laverdadpublica.com\/?p=9293"},"modified":"2023-11-02T02:09:56","modified_gmt":"2023-11-02T02:09:56","slug":"promipyme-elabora-agenda-desarrollo-2030-para-las-mipymes","status":"publish","type":"post","link":"https:\/\/laverdadpublica.com\/index.php\/2023\/11\/02\/promipyme-elabora-agenda-desarrollo-2030-para-las-mipymes\/","title":{"rendered":"Promipyme elabora Agenda Desarrollo 2030 para las Mipymes"},"content":{"rendered":"<p style=\"text-align: justify;\"><img decoding=\"async\" class=\"alignleft lazyload\" data-src=\"https:\/\/blogger.googleusercontent.com\/img\/b\/R29vZ2xl\/AVvXsEg_iu9yGFber9TolE3Ve_yVu8cNeyP-mSb1zs3cL5W5gR5aUlqq9oKaL6_-3dRzz7zJTMbUKpVcdiaDJCJh0YDzLw5_ipznbmUHmgaabxgL-KNo6bPDsS5xAbIgK8nCrZLrWEcWqL6bzyktVry3tpWdHq9xE2QZUzCrH_SE7FExJfieXDbJ3hkaGdKcFXo\/s16000\/Promipyme%20elabora%20Agenda%20Desarrollo%202030%20para%20las%20Mipymes.jpg\" src=\"data:image\/svg+xml;base64,PHN2ZyB3aWR0aD0iMSIgaGVpZ2h0PSIxIiB4bWxucz0iaHR0cDovL3d3dy53My5vcmcvMjAwMC9zdmciPjwvc3ZnPg==\" \/><\/p>\n<p style=\"text-align: justify;\">El <strong>Consejo Nacional de Promoci\u00f3n y Apoyo a la Micro, Peque\u00f1a y Mediana Empresa (<\/strong><strong>Promipyme)<\/strong>\u00a0present\u00f3 este jueves los avances obtenidos en el proceso de formulaci\u00f3n de la\u00a0<strong>Agenda Nacional de Desarrollo de Las Mipymes Dominicanas: Visi\u00f3n 2030<\/strong>, la cual ser\u00e1 presentada al presidente de la Rep\u00fablica,\u00a0<strong>Luis Abinader Corona<\/strong>.<\/p>\n<p style=\"text-align: justify;\">Porfirio Peralta, director general de Promipyme y el gerente general de\u00a0<strong>Cyfras Consultores\u00a0<\/strong>SRL, doctor Franklyn V\u00e1squez, en rueda de prensa en el local de AMAPROSADO, junto a 12 organizaciones del sector Comercio y Las Mipymes que conforman las mesas de trabajo, informaron que la elaboraci\u00f3n de la importante agenda se enmarca en un proceso de consultas con entidades p\u00fablicas y privadas realizadas desde el a\u00f1o 2022.<\/p>\n<p style=\"text-align: justify;\"><strong>\u201cLa Agenda de Desarrollo de Las Mipymes 2030\u201d<\/strong>\u00a0tiene por objetivo elaborar estrategias colectivas que permitan articular respuestas efectivas para el fomento y la promoci\u00f3n del desarrollo integral de las micro, peque\u00f1as y medianas empresas del pa\u00eds\u201d, informaron ambos ejecutivos.<\/p>\n<p style=\"text-align: justify;\">Asimismo, el director Peralta agreg\u00f3 que otro de los objetivos es identificar cuales son las necesidades del sector de las Mipymes, con una visi\u00f3n nacional.<\/p>\n<p style=\"text-align: justify;\">Peralta y V\u00e1squez, explicaron a los periodistas que previo a la presentaci\u00f3n de la Agenda al presidente Luis Abinader se han realizado talleres, reuniones t\u00e9cnicas con entidades p\u00fablicas, representantes del liderazgo empresarial de las Mipymes, buscando construir un hilo conductor\u00a0\u00a0que permitan acercar demandas y necesidades del sector a la oferta que realizan las entidades de car\u00e1cter p\u00fablico que ejecutan alg\u00fan plan, programa, proyecto o iniciativa dirigido a la micro, mediana y peque\u00f1a empresa\u201d.<\/p>\n<p style=\"text-align: justify;\">El director general de Promipyme, Porfirio Peralta, dijo que los esfuerzos de los sectores que integraran las mesas de trabajo quedaran plasmados en la\u00a0<strong>Agenda Nacional de Desarrollo de las Mipymes Dominicanas<\/strong>, documento que ser\u00e1 entregado al Gobierno, a fin de que sea utilizado como instrumento de desarrollo y expansi\u00f3n del sector.<\/p>\n<p style=\"text-align: justify;\">Importante destacar que la Comisi\u00f3n\u00a0\u00a0que conformar\u00e1n las mesas de trabajo est\u00e1 integrada por: Amaprosado, Aditex, Conacerd, Unase, Copymemecon, Fenacodep, Apymetex, ADD, Asodemproagua, Fenacocerd, Anaderavem, Adme, FDC, Cooperativa Empresarial Federaci\u00f3n Nacional de Comerciantes y Empresarios de la RD; Adocalza, Codopyme, Fedocamara, Grupo de Detallistas Unidos, Fecodeprosd, Asonainco, entre otras.<\/p>\n","protected":false},"excerpt":{"rendered":"<p>El Consejo Nacional de Promoci\u00f3n y Apoyo a la Micro, Peque\u00f1a y Mediana Empresa (Promipyme)\u00a0present\u00f3<\/p>\n","protected":false},"author":1,"featured_media":0,"comment_status":"open","ping_status":"open","sticky":false,"template":"","format":"standard","meta":{"footnotes":""},"categories":[7],"tags":[],"class_list":["post-9293","post","type-post","status-publish","format-standard","hentry","category-nacionales"],"_links":{"self":[{"href":"https:\/\/laverdadpublica.com\/index.php\/wp-json\/wp\/v2\/posts\/9293","targetHints":{"allow":["GET"]}}],"collection":[{"href":"https:\/\/laverdadpublica.com\/index.php\/wp-json\/wp\/v2\/posts"}],"about":[{"href":"https:\/\/laverdadpublica.com\/index.php\/wp-json\/wp\/v2\/types\/post"}],"author":[{"embeddable":true,"href":"https:\/\/laverdadpublica.com\/index.php\/wp-json\/wp\/v2\/users\/1"}],"replies":[{"embeddable":true,"href":"https:\/\/laverdadpublica.com\/index.php\/wp-json\/wp\/v2\/comments?post=9293"}],"version-history":[{"count":1,"href":"https:\/\/laverdadpublica.com\/index.php\/wp-json\/wp\/v2\/posts\/9293\/revisions"}],"predecessor-version":[{"id":9294,"href":"https:\/\/laverdadpublica.com\/index.php\/wp-json\/wp\/v2\/posts\/9293\/revisions\/9294"}],"wp:attachment":[{"href":"https:\/\/laverdadpublica.com\/index.php\/wp-json\/wp\/v2\/media?parent=9293"}],"wp:term":[{"taxonomy":"category","embeddable":true,"href":"https:\/\/laverdadpublica.com\/index.php\/wp-json\/wp\/v2\/categories?post=9293"},{"taxonomy":"post_tag","embeddable":true,"href":"https:\/\/laverdadpublica.com\/index.php\/wp-json\/wp\/v2\/tags?post=9293"}],"curies":[{"name":"wp","href":"https:\/\/api.w.org\/{rel}","templated":true}]}}