{"id":9513,"date":"2023-11-12T01:30:28","date_gmt":"2023-11-12T01:30:28","guid":{"rendered":"https:\/\/laverdadpublica.com\/?p=9513"},"modified":"2023-11-13T01:32:48","modified_gmt":"2023-11-13T01:32:48","slug":"9513","status":"publish","type":"post","link":"https:\/\/laverdadpublica.com\/index.php\/2023\/11\/12\/9513\/","title":{"rendered":"#Esencia en la Ciudad Coraz\u00f3n"},"content":{"rendered":"<blockquote>\n<p style=\"text-align: justify;\"><em><strong>\u00abCales Louima Deja una Huella Profunda con su Concierto\u00bb<\/strong><\/em><\/p>\n<\/blockquote>\n<p style=\"text-align: justify;\">Santiago, Rep\u00fablica Dominicana. \u2013 El talentoso cantautor Cales Louima llev\u00f3 a cabo un extraordinario concierto titulado #Esencia en el Gran Teatro del Cibao, dejando una marca imborrable en los corazones de los asistentes. Este evento que congreg\u00f3 a un p\u00fablico diverso, cont\u00f3 con la participaci\u00f3n de destacados invitados como Grupo Grace, Isabelle Valdez, Matty Mart\u00ednez, Denicher Pol, Grupo Hope, Jessy Lizardo, Raquel Amparo entre otros, quienes bajo el respaldo del Esp\u00edritu Santo elevaron la atm\u00f3sfera a trav\u00e9s de sus talentos.<\/p>\n<p style=\"text-align: justify;\"><img decoding=\"async\" class=\"size-medium wp-image-9514 alignleft lazyload\" data-src=\"https:\/\/laverdadpublica.com\/wp-content\/uploads\/2023\/11\/IMG-20231112-WA0090-169x300.jpg\" alt=\"\" width=\"169\" height=\"300\" data-srcset=\"https:\/\/laverdadpublica.com\/wp-content\/uploads\/2023\/11\/IMG-20231112-WA0090-169x300.jpg 169w, https:\/\/laverdadpublica.com\/wp-content\/uploads\/2023\/11\/IMG-20231112-WA0090-576x1024.jpg 576w, https:\/\/laverdadpublica.com\/wp-content\/uploads\/2023\/11\/IMG-20231112-WA0090-768x1365.jpg 768w, https:\/\/laverdadpublica.com\/wp-content\/uploads\/2023\/11\/IMG-20231112-WA0090-864x1536.jpg 864w, https:\/\/laverdadpublica.com\/wp-content\/uploads\/2023\/11\/IMG-20231112-WA0090-1152x2048.jpg 1152w, https:\/\/laverdadpublica.com\/wp-content\/uploads\/2023\/11\/IMG-20231112-WA0090-scaled.jpg 1440w\" data-sizes=\"(max-width: 169px) 100vw, 169px\" src=\"data:image\/svg+xml;base64,PHN2ZyB3aWR0aD0iMSIgaGVpZ2h0PSIxIiB4bWxucz0iaHR0cDovL3d3dy53My5vcmcvMjAwMC9zdmciPjwvc3ZnPg==\" style=\"--smush-placeholder-width: 169px; --smush-placeholder-aspect-ratio: 169\/300;\" \/><\/p>\n<p style=\"text-align: justify;\">El concierto #Esencia no solo fue un espect\u00e1culo musical, sino una experiencia de adoraci\u00f3n colectiva que reson\u00f3 en cada rinc\u00f3n del lugar. Desde las primeras notas, Cales Louima gui\u00f3 a la audiencia a trav\u00e9s de un viaje espiritual, compartiendo su esencia y conexi\u00f3n \u00fanica con la m\u00fasica que toca las fibras m\u00e1s profundas del alma.<\/p>\n<p style=\"text-align: justify;\">La participaci\u00f3n especial del ministerio 1000 Voces agreg\u00f3 un toque especial al evento, creando momentos de adoraci\u00f3n que unieron a la multitud en un solo sentir y una sola voz.<\/p>\n<p style=\"text-align: justify;\">El p\u00fablico presente se entreg\u00f3 por completo a la experiencia, participando activamente y expresando su devoci\u00f3n a trav\u00e9s de la m\u00fasica. Cada canci\u00f3n interpretada por Cales Louima fue recibida con entusiasmo y aclamaci\u00f3n, destacando la conexi\u00f3n genuina entre el artista y sus seguidores.<\/p>\n<p style=\"text-align: justify;\"><img decoding=\"async\" class=\"size-medium wp-image-9515 alignright lazyload\" data-src=\"https:\/\/laverdadpublica.com\/wp-content\/uploads\/2023\/11\/IMG-20231112-WA0087-300x300.jpg\" alt=\"\" width=\"300\" height=\"300\" data-srcset=\"https:\/\/laverdadpublica.com\/wp-content\/uploads\/2023\/11\/IMG-20231112-WA0087-300x300.jpg 300w, https:\/\/laverdadpublica.com\/wp-content\/uploads\/2023\/11\/IMG-20231112-WA0087-1024x1024.jpg 1024w, https:\/\/laverdadpublica.com\/wp-content\/uploads\/2023\/11\/IMG-20231112-WA0087-150x150.jpg 150w, https:\/\/laverdadpublica.com\/wp-content\/uploads\/2023\/11\/IMG-20231112-WA0087-768x768.jpg 768w, https:\/\/laverdadpublica.com\/wp-content\/uploads\/2023\/11\/IMG-20231112-WA0087.jpg 1440w\" data-sizes=\"(max-width: 300px) 100vw, 300px\" src=\"data:image\/svg+xml;base64,PHN2ZyB3aWR0aD0iMSIgaGVpZ2h0PSIxIiB4bWxucz0iaHR0cDovL3d3dy53My5vcmcvMjAwMC9zdmciPjwvc3ZnPg==\" style=\"--smush-placeholder-width: 300px; --smush-placeholder-aspect-ratio: 300\/300;\" \/><\/p>\n<p style=\"text-align: justify;\">Las redes sociales estallaron con mensajes de admiraci\u00f3n y gratitud, destacando no solo el talento de Cales Louima, sino tambi\u00e9n la atm\u00f3sfera \u00fanica de adoraci\u00f3n que se experiment\u00f3 durante el concierto.<\/p>\n<p style=\"text-align: justify;\">Cales Louima expres\u00f3 su agradecimiento a todos los presentes y a los artistas invitados por ser parte de este inolvidable evento.<\/p>\n<p style=\"text-align: justify;\">#Esencia no solo fue un concierto, sino un testimonio de la capacidad de la m\u00fasica producida por y para Dios, trascender barreras y tocar el coraz\u00f3n de aquellos que la escuchan.<\/p>\n<p style=\"text-align: justify;\">Para obtener m\u00e1s informaci\u00f3n sobre futuros eventos y proyectos de Cales Louima, s\u00edgalo en sus redes sociales.<\/p>\n","protected":false},"excerpt":{"rendered":"<p>\u00abCales Louima Deja una Huella Profunda con su Concierto\u00bb Santiago, Rep\u00fablica Dominicana. \u2013 El talentoso<\/p>\n","protected":false},"author":4,"featured_media":0,"comment_status":"open","ping_status":"open","sticky":false,"template":"","format":"standard","meta":{"footnotes":""},"categories":[6,7],"tags":[],"class_list":["post-9513","post","type-post","status-publish","format-standard","hentry","category-espectaculos","category-nacionales"],"_links":{"self":[{"href":"https:\/\/laverdadpublica.com\/index.php\/wp-json\/wp\/v2\/posts\/9513","targetHints":{"allow":["GET"]}}],"collection":[{"href":"https:\/\/laverdadpublica.com\/index.php\/wp-json\/wp\/v2\/posts"}],"about":[{"href":"https:\/\/laverdadpublica.com\/index.php\/wp-json\/wp\/v2\/types\/post"}],"author":[{"embeddable":true,"href":"https:\/\/laverdadpublica.com\/index.php\/wp-json\/wp\/v2\/users\/4"}],"replies":[{"embeddable":true,"href":"https:\/\/laverdadpublica.com\/index.php\/wp-json\/wp\/v2\/comments?post=9513"}],"version-history":[{"count":2,"href":"https:\/\/laverdadpublica.com\/index.php\/wp-json\/wp\/v2\/posts\/9513\/revisions"}],"predecessor-version":[{"id":9517,"href":"https:\/\/laverdadpublica.com\/index.php\/wp-json\/wp\/v2\/posts\/9513\/revisions\/9517"}],"wp:attachment":[{"href":"https:\/\/laverdadpublica.com\/index.php\/wp-json\/wp\/v2\/media?parent=9513"}],"wp:term":[{"taxonomy":"category","embeddable":true,"href":"https:\/\/laverdadpublica.com\/index.php\/wp-json\/wp\/v2\/categories?post=9513"},{"taxonomy":"post_tag","embeddable":true,"href":"https:\/\/laverdadpublica.com\/index.php\/wp-json\/wp\/v2\/tags?post=9513"}],"curies":[{"name":"wp","href":"https:\/\/api.w.org\/{rel}","templated":true}]}}