{"id":9523,"date":"2023-11-13T11:55:41","date_gmt":"2023-11-13T11:55:41","guid":{"rendered":"https:\/\/laverdadpublica.com\/?p=9523"},"modified":"2023-11-13T11:55:41","modified_gmt":"2023-11-13T11:55:41","slug":"ivan-garcia-garantiza-precios-asequibles-en-navidad","status":"publish","type":"post","link":"https:\/\/laverdadpublica.com\/index.php\/2023\/11\/13\/ivan-garcia-garantiza-precios-asequibles-en-navidad\/","title":{"rendered":"Iv\u00e1n Garc\u00eda garantiza precios asequibles en navidad"},"content":{"rendered":"<p><img decoding=\"async\" class=\"size-medium wp-image-9524 alignleft lazyload\" data-src=\"https:\/\/laverdadpublica.com\/wp-content\/uploads\/2023\/11\/IMG-20231112-WA0145-300x169.jpg\" alt=\"\" width=\"300\" height=\"169\" data-srcset=\"https:\/\/laverdadpublica.com\/wp-content\/uploads\/2023\/11\/IMG-20231112-WA0145-300x169.jpg 300w, https:\/\/laverdadpublica.com\/wp-content\/uploads\/2023\/11\/IMG-20231112-WA0145-1024x577.jpg 1024w, https:\/\/laverdadpublica.com\/wp-content\/uploads\/2023\/11\/IMG-20231112-WA0145-768x432.jpg 768w, https:\/\/laverdadpublica.com\/wp-content\/uploads\/2023\/11\/IMG-20231112-WA0145-800x450.jpg 800w, https:\/\/laverdadpublica.com\/wp-content\/uploads\/2023\/11\/IMG-20231112-WA0145.jpg 1364w\" data-sizes=\"(max-width: 300px) 100vw, 300px\" src=\"data:image\/svg+xml;base64,PHN2ZyB3aWR0aD0iMSIgaGVpZ2h0PSIxIiB4bWxucz0iaHR0cDovL3d3dy53My5vcmcvMjAwMC9zdmciPjwvc3ZnPg==\" style=\"--smush-placeholder-width: 300px; --smush-placeholder-aspect-ratio: 300\/169;\" \/><\/p>\n<p>El presidente de la Federaci\u00f3n Dominicana de Comerciantes (FDC) Iv\u00e1n Garc\u00eda garantiz\u00f3 que para esta navidad que se aproxima\u00a0 el pueblo dominicano puede estar tranquilo y no preocuparse\u00a0 por falta de productos navide\u00f1os o los costos, ya que el comercio del pa\u00eds est\u00e1 preparado para poder servirles al consumidor a precios asequibles y de excelente calidad.<\/p>\n<blockquote><p><em>\u201cLos empresarios comerciantes compramos todos los productos de navidad que se compran obviamente con anticipaci\u00f3n y que ya llegaron o est\u00e1n terminando de llegar en este mes de noviembre\u201d<\/em> fueron las declaraciones de Iv\u00e1n Garc\u00eda en el programa Ra\u00edz Tv Siete D\u00edas transmitido domingo 12:00 meridiano bajo la producci\u00f3n del cineasta\u00a0 Dionys D\u00edaz y la periodista Ana Ulloa por Teleradio Am\u00e9rica canal 45 y canal 12.<\/p><\/blockquote>\n<p>Garc\u00eda tambi\u00e9n sugiri\u00f3 a toda la poblaci\u00f3n que a la hora de hacer sus compras\u00a0 revisen bien las ofertas que existen en los diferentes establecimientos comerciales y que compren en el lugar que mejores condiciones\u00a0 ofrezcan en precios, \u00a0salubridad, calidad y en servicios, porque seg\u00fan destac\u00f3 el presidente de\u00a0 Federaci\u00f3n Dominicana de Comerciantes, la rueda del comercio trata precisamente de vender lo m\u00e1s barato posible, con la mejor calidad posible y con el menor tiempo posible.<\/p>\n<p><img decoding=\"async\" class=\"size-medium wp-image-9525 alignright lazyload\" data-src=\"https:\/\/laverdadpublica.com\/wp-content\/uploads\/2023\/11\/IMG-20231112-WA0144-300x226.jpg\" alt=\"\" width=\"300\" height=\"226\" data-srcset=\"https:\/\/laverdadpublica.com\/wp-content\/uploads\/2023\/11\/IMG-20231112-WA0144-300x226.jpg 300w, https:\/\/laverdadpublica.com\/wp-content\/uploads\/2023\/11\/IMG-20231112-WA0144-768x579.jpg 768w, https:\/\/laverdadpublica.com\/wp-content\/uploads\/2023\/11\/IMG-20231112-WA0144-720x540.jpg 720w, https:\/\/laverdadpublica.com\/wp-content\/uploads\/2023\/11\/IMG-20231112-WA0144.jpg 771w\" data-sizes=\"(max-width: 300px) 100vw, 300px\" src=\"data:image\/svg+xml;base64,PHN2ZyB3aWR0aD0iMSIgaGVpZ2h0PSIxIiB4bWxucz0iaHR0cDovL3d3dy53My5vcmcvMjAwMC9zdmciPjwvc3ZnPg==\" style=\"--smush-placeholder-width: 300px; --smush-placeholder-aspect-ratio: 300\/226;\" \/><\/p>\n<p>Asimismo Iv\u00e1n Garc\u00eda dijo \u201clo primero es que como estamos en libre comercio aqu\u00ed no hay control de precios aqu\u00ed el \u00fanico producto que\u00a0 tiene control de precios es el az\u00facar y lamentablemente por mal manejo inclusivo\u00a0 de las autoridades con el tema de los permisos de importaci\u00f3n,\u00a0 el az\u00facar refina se est\u00e1 comercializando a 50 pesos la libra y la crema a 35 y 40 pesos, lo que esperamos es que como a final de este mes comienza la zafra a entrar de nuevo entonces\u00a0 que se puedan reducir\u00a0 los precios a como est\u00e1 establecido dentro del Instituto de la Az\u00facar donde se fijan los precios de la az\u00facar que es el \u00fanico producto que tiene control\u201d.<\/p>\n<p>Fuente: Ra\u00edz Tv Siete D\u00edas<\/p>\n<p>&nbsp;<\/p>\n","protected":false},"excerpt":{"rendered":"<p>El presidente de la Federaci\u00f3n Dominicana de Comerciantes (FDC) Iv\u00e1n Garc\u00eda garantiz\u00f3 que para esta<\/p>\n","protected":false},"author":1,"featured_media":0,"comment_status":"open","ping_status":"open","sticky":false,"template":"","format":"standard","meta":{"footnotes":""},"categories":[2],"tags":[],"class_list":["post-9523","post","type-post","status-publish","format-standard","hentry","category-economicas"],"_links":{"self":[{"href":"https:\/\/laverdadpublica.com\/index.php\/wp-json\/wp\/v2\/posts\/9523","targetHints":{"allow":["GET"]}}],"collection":[{"href":"https:\/\/laverdadpublica.com\/index.php\/wp-json\/wp\/v2\/posts"}],"about":[{"href":"https:\/\/laverdadpublica.com\/index.php\/wp-json\/wp\/v2\/types\/post"}],"author":[{"embeddable":true,"href":"https:\/\/laverdadpublica.com\/index.php\/wp-json\/wp\/v2\/users\/1"}],"replies":[{"embeddable":true,"href":"https:\/\/laverdadpublica.com\/index.php\/wp-json\/wp\/v2\/comments?post=9523"}],"version-history":[{"count":1,"href":"https:\/\/laverdadpublica.com\/index.php\/wp-json\/wp\/v2\/posts\/9523\/revisions"}],"predecessor-version":[{"id":9526,"href":"https:\/\/laverdadpublica.com\/index.php\/wp-json\/wp\/v2\/posts\/9523\/revisions\/9526"}],"wp:attachment":[{"href":"https:\/\/laverdadpublica.com\/index.php\/wp-json\/wp\/v2\/media?parent=9523"}],"wp:term":[{"taxonomy":"category","embeddable":true,"href":"https:\/\/laverdadpublica.com\/index.php\/wp-json\/wp\/v2\/categories?post=9523"},{"taxonomy":"post_tag","embeddable":true,"href":"https:\/\/laverdadpublica.com\/index.php\/wp-json\/wp\/v2\/tags?post=9523"}],"curies":[{"name":"wp","href":"https:\/\/api.w.org\/{rel}","templated":true}]}}