{"id":9542,"date":"2023-11-13T16:07:45","date_gmt":"2023-11-13T16:07:45","guid":{"rendered":"https:\/\/laverdadpublica.com\/?p=9542"},"modified":"2023-11-13T16:08:00","modified_gmt":"2023-11-13T16:08:00","slug":"9542","status":"publish","type":"post","link":"https:\/\/laverdadpublica.com\/index.php\/2023\/11\/13\/9542\/","title":{"rendered":"Centro Educativo San Vicente de Pa\u00fal anuncia celebraci\u00f3n Misa de Egresados 2023"},"content":{"rendered":"<p style=\"text-align: justify;\"><img decoding=\"async\" class=\"size-medium wp-image-9543 lazyload\" data-src=\"https:\/\/laverdadpublica.com\/wp-content\/uploads\/2023\/11\/IMG-20231113-WA0057-300x225.jpg\" alt=\"\" width=\"300\" height=\"225\" data-srcset=\"https:\/\/laverdadpublica.com\/wp-content\/uploads\/2023\/11\/IMG-20231113-WA0057-300x225.jpg 300w, https:\/\/laverdadpublica.com\/wp-content\/uploads\/2023\/11\/IMG-20231113-WA0057-1024x768.jpg 1024w, https:\/\/laverdadpublica.com\/wp-content\/uploads\/2023\/11\/IMG-20231113-WA0057-768x576.jpg 768w, https:\/\/laverdadpublica.com\/wp-content\/uploads\/2023\/11\/IMG-20231113-WA0057-720x540.jpg 720w, https:\/\/laverdadpublica.com\/wp-content\/uploads\/2023\/11\/IMG-20231113-WA0057.jpg 1280w\" data-sizes=\"(max-width: 300px) 100vw, 300px\" src=\"data:image\/svg+xml;base64,PHN2ZyB3aWR0aD0iMSIgaGVpZ2h0PSIxIiB4bWxucz0iaHR0cDovL3d3dy53My5vcmcvMjAwMC9zdmciPjwvc3ZnPg==\" style=\"--smush-placeholder-width: 300px; --smush-placeholder-aspect-ratio: 300\/225;\" \/><\/p>\n<p style=\"text-align: justify;\">Los Mina. Santo Domingo Este. El Centro Educativo San Vicente de Pa\u00fal, localizado en Los Mina, Santo Domingo Este y que tiene 59 a\u00f1os de fundado, anunci\u00f3 la celebraci\u00f3n de la Misa de Egresados 2023, el domingo 19 del presente mes, con motivo de los 60 a\u00f1os de la Parroquia San Vicente de Pa\u00fal.<\/p>\n<p style=\"text-align: justify;\">\u00abEstamos muy emocionados con nuestro pr\u00f3ximo encuentro. Hacemos un llamado a todos los egresados y, en especial, a las promociones que cumplen 15 y 30 a\u00f1os: F\u00e9nix y Lausdeus\u201d, extern\u00f3 la maestra Antonia Wrigth, quien es parte de la Pastoral Educativa de la Parroquia San Vicente de Pa\u00fal, agrupaci\u00f3n que organiza la actividad.<\/p>\n<p style=\"text-align: justify;\"><img decoding=\"async\" class=\"size-medium wp-image-9544 alignright lazyload\" data-src=\"https:\/\/laverdadpublica.com\/wp-content\/uploads\/2023\/11\/IMG-20231113-WA0058-300x169.jpg\" alt=\"\" width=\"300\" height=\"169\" data-srcset=\"https:\/\/laverdadpublica.com\/wp-content\/uploads\/2023\/11\/IMG-20231113-WA0058-300x169.jpg 300w, https:\/\/laverdadpublica.com\/wp-content\/uploads\/2023\/11\/IMG-20231113-WA0058-1024x576.jpg 1024w, https:\/\/laverdadpublica.com\/wp-content\/uploads\/2023\/11\/IMG-20231113-WA0058-768x432.jpg 768w, https:\/\/laverdadpublica.com\/wp-content\/uploads\/2023\/11\/IMG-20231113-WA0058-800x450.jpg 800w, https:\/\/laverdadpublica.com\/wp-content\/uploads\/2023\/11\/IMG-20231113-WA0058.jpg 1280w\" data-sizes=\"(max-width: 300px) 100vw, 300px\" src=\"data:image\/svg+xml;base64,PHN2ZyB3aWR0aD0iMSIgaGVpZ2h0PSIxIiB4bWxucz0iaHR0cDovL3d3dy53My5vcmcvMjAwMC9zdmciPjwvc3ZnPg==\" style=\"--smush-placeholder-width: 300px; --smush-placeholder-aspect-ratio: 300\/169;\" \/><\/p>\n<p style=\"text-align: justify;\">En ese mismo tenor, Wright explic\u00f3 que la reconocida instituci\u00f3n educativa realiza este tipo de actividades \u201ccon el fin de mantener viva, en los egresados, la espiritualidad vicentina: amar a Dios en los m\u00e1s necesitados\u00bb.<\/p>\n<p style=\"text-align: justify;\">De igual manera, la educadora adelant\u00f3 que, aunque habr\u00e1 sorpresas, el tema principal del encuentro es la celebraci\u00f3n eucar\u00edstica, la cual tendr\u00e1 lugar a las 10:30 A.M; y en la que participar\u00e1n promociones de hasta m\u00e1s de 40 a\u00f1os.<\/p>\n<p style=\"text-align: justify;\">\u201cLa filosof\u00eda de nuestro Centro es amar a Dios, amando a los m\u00e1s pobres y nuestro lema \u00bb Por la suerte de los pobres vicentinos, adelante \u00ab, afirm\u00f3.<\/p>\n<p style=\"text-align: justify;\">Asimismo, Wright explic\u00f3 que, como Centro Educativo, est\u00e1n comprometidos \u201ccon una educaci\u00f3n de calidad basada en los valores cristianos, dirigida de manera especial a los ni\u00f1os y adolescentes m\u00e1s necesitados de nuestra comunidad\u201d.<\/p>\n<p style=\"text-align: justify;\">Los interesados en m\u00e1s informaci\u00f3n sobre este 11avo encuentro de egresados, pueden hacerlo llamando a los tel\u00e9fonos (809) 594-2997 y (809) 594-2560.<\/p>\n<p style=\"text-align: justify;\">Fuente: Centro Educativo San Vicente de Pa\u00fal<\/p>\n","protected":false},"excerpt":{"rendered":"<p>Los Mina. Santo Domingo Este. El Centro Educativo San Vicente de Pa\u00fal, localizado en Los<\/p>\n","protected":false},"author":2,"featured_media":0,"comment_status":"open","ping_status":"open","sticky":false,"template":"","format":"standard","meta":{"footnotes":""},"categories":[7],"tags":[],"class_list":["post-9542","post","type-post","status-publish","format-standard","hentry","category-nacionales"],"_links":{"self":[{"href":"https:\/\/laverdadpublica.com\/index.php\/wp-json\/wp\/v2\/posts\/9542","targetHints":{"allow":["GET"]}}],"collection":[{"href":"https:\/\/laverdadpublica.com\/index.php\/wp-json\/wp\/v2\/posts"}],"about":[{"href":"https:\/\/laverdadpublica.com\/index.php\/wp-json\/wp\/v2\/types\/post"}],"author":[{"embeddable":true,"href":"https:\/\/laverdadpublica.com\/index.php\/wp-json\/wp\/v2\/users\/2"}],"replies":[{"embeddable":true,"href":"https:\/\/laverdadpublica.com\/index.php\/wp-json\/wp\/v2\/comments?post=9542"}],"version-history":[{"count":2,"href":"https:\/\/laverdadpublica.com\/index.php\/wp-json\/wp\/v2\/posts\/9542\/revisions"}],"predecessor-version":[{"id":9546,"href":"https:\/\/laverdadpublica.com\/index.php\/wp-json\/wp\/v2\/posts\/9542\/revisions\/9546"}],"wp:attachment":[{"href":"https:\/\/laverdadpublica.com\/index.php\/wp-json\/wp\/v2\/media?parent=9542"}],"wp:term":[{"taxonomy":"category","embeddable":true,"href":"https:\/\/laverdadpublica.com\/index.php\/wp-json\/wp\/v2\/categories?post=9542"},{"taxonomy":"post_tag","embeddable":true,"href":"https:\/\/laverdadpublica.com\/index.php\/wp-json\/wp\/v2\/tags?post=9542"}],"curies":[{"name":"wp","href":"https:\/\/api.w.org\/{rel}","templated":true}]}}