{"id":9571,"date":"2023-11-13T03:19:59","date_gmt":"2023-11-13T03:19:59","guid":{"rendered":"https:\/\/laverdadpublica.com\/?p=9571"},"modified":"2023-11-14T03:25:15","modified_gmt":"2023-11-14T03:25:15","slug":"9571","status":"publish","type":"post","link":"https:\/\/laverdadpublica.com\/index.php\/2023\/11\/13\/9571\/","title":{"rendered":"Culmina con \u00c9xito el Webinar \u00abBlack Friday Experience al Estilo Dominicano\u00bb con la Participaci\u00f3n Destacada de Felipe Gonz\u00e1lez, Socio Director de Liana Strategy"},"content":{"rendered":"<p style=\"text-align: justify;\"><img decoding=\"async\" class=\"size-medium wp-image-9572 lazyload\" data-src=\"https:\/\/laverdadpublica.com\/wp-content\/uploads\/2023\/11\/IMG-20231113-WA0205-240x300.jpg\" alt=\"\" width=\"240\" height=\"300\" data-srcset=\"https:\/\/laverdadpublica.com\/wp-content\/uploads\/2023\/11\/IMG-20231113-WA0205-240x300.jpg 240w, https:\/\/laverdadpublica.com\/wp-content\/uploads\/2023\/11\/IMG-20231113-WA0205-819x1024.jpg 819w, https:\/\/laverdadpublica.com\/wp-content\/uploads\/2023\/11\/IMG-20231113-WA0205-768x960.jpg 768w, https:\/\/laverdadpublica.com\/wp-content\/uploads\/2023\/11\/IMG-20231113-WA0205.jpg 1080w\" data-sizes=\"(max-width: 240px) 100vw, 240px\" src=\"data:image\/svg+xml;base64,PHN2ZyB3aWR0aD0iMSIgaGVpZ2h0PSIxIiB4bWxucz0iaHR0cDovL3d3dy53My5vcmcvMjAwMC9zdmciPjwvc3ZnPg==\" style=\"--smush-placeholder-width: 240px; --smush-placeholder-aspect-ratio: 240\/300;\" \/><\/p>\n<p style=\"text-align: justify;\">El webinar \u00abBlack Friday Experience al Estilo Dominicano\u00bb, Fue llevado a cabo el pasado jueves 9 de noviembre a trav\u00e9s de una plataforma virtual Teams, Wal Polanco estuvo como moderadora, el cual concluy\u00f3 con \u00e9xito, brindando a los participantes valiosos conocimientos y estrategias para destacar en la temporada de compras m\u00e1s esperada del a\u00f1o.<br \/>\nSendiu, Botpro y Liana Strategy se unieron en colaboraci\u00f3n en un emocionante webinar que se llev\u00f3 a cabo el 9 de noviembre a las 4:00 pm por la plataforma Teams.<\/p>\n<p style=\"text-align: justify;\">El evento estuvo dise\u00f1ado para ofrecer valiosos consejos y estrategias para aprovechar al m\u00e1ximo el Black Friday.<\/p>\n<p style=\"text-align: justify;\">Felipe Gonz\u00e1lez, socio director de Liana Strategy, fue uno de los exponentes destacados del evento. Con su experiencia en estrategias de marketing y omnicanalidad, ofreci\u00f3 una visi\u00f3n \u00fanica sobre c\u00f3mo las empresas pueden capitalizar al m\u00e1ximo las oportunidades que ofrece el Black Friday.<\/p>\n<p style=\"text-align: justify;\">Entre los temas abordados se encuentran:<\/p>\n<ol style=\"text-align: justify;\">\n<li><strong>C\u00f3mo tu Negocio puede aprovechar la Omnicanalidad este Black Friday:<\/strong> Katherine Cornielle de Sendiu, proporcion\u00f3 los insights clave sobre la importancia de la omnicanalidad en la era actual y c\u00f3mo las empresas pueden integrar efectivamente sus canales de venta para mejorar la experiencia del cliente durante el Black Friday.<\/li>\n<li><strong>Marketing Estacional:<\/strong> Estuvo a cargo de Felipe Gonz\u00e1lez de Liana Strategy, quien explic\u00f3 las estrategias espec\u00edficas de marketing adaptadas a la temporada de compras, destacando la relevancia de ajustar las campa\u00f1as a las expectativas y comportamientos de los consumidores durante este per\u00edodo.<\/li>\n<li><strong>Casos de \u00c9xito:<\/strong> Franny Laureano de Botpro, a trav\u00e9s de ejemplos concretos, comparti\u00f3 casos de \u00e9xito y de usos que ilustran la aplicaci\u00f3n efectiva de las estrategias en Black Friday anteriores, proporcionando inspiraci\u00f3n y aprendizaje pr\u00e1ctico para los participantes.<\/li>\n<\/ol>\n<p style=\"text-align: justify;\">Este cont\u00f3 con una activa participaci\u00f3n de la audiencia, quienes tuvieron la oportunidad de hacer preguntas y recibir respuestas directas de los expositores.<\/p>\n<p style=\"text-align: justify;\">El mismo ha sido un hito significativo para aquellos que buscan optimizar sus estrategias comerciales durante el Black Friday. La informaci\u00f3n compartida contribuir\u00e1 a fortalecer la presencia de las empresas en el mercado y a mejorar la satisfacci\u00f3n del cliente.<\/p>\n<p style=\"text-align: justify;\">Para obtener m\u00e1s informaci\u00f3n sobre los temas discutidos o para acceder a grabaciones del webinar<br \/>\nhttps:\/\/www.youtube.com\/watch?v=bTjUqfmuNhc&amp;t=25s<\/p>\n<p style=\"text-align: justify;\">Fuente: Liana Strategy<\/p>\n","protected":false},"excerpt":{"rendered":"<p>El webinar \u00abBlack Friday Experience al Estilo Dominicano\u00bb, Fue llevado a cabo el pasado jueves<\/p>\n","protected":false},"author":1,"featured_media":0,"comment_status":"open","ping_status":"open","sticky":false,"template":"","format":"standard","meta":{"footnotes":""},"categories":[7],"tags":[],"class_list":["post-9571","post","type-post","status-publish","format-standard","hentry","category-nacionales"],"_links":{"self":[{"href":"https:\/\/laverdadpublica.com\/index.php\/wp-json\/wp\/v2\/posts\/9571","targetHints":{"allow":["GET"]}}],"collection":[{"href":"https:\/\/laverdadpublica.com\/index.php\/wp-json\/wp\/v2\/posts"}],"about":[{"href":"https:\/\/laverdadpublica.com\/index.php\/wp-json\/wp\/v2\/types\/post"}],"author":[{"embeddable":true,"href":"https:\/\/laverdadpublica.com\/index.php\/wp-json\/wp\/v2\/users\/1"}],"replies":[{"embeddable":true,"href":"https:\/\/laverdadpublica.com\/index.php\/wp-json\/wp\/v2\/comments?post=9571"}],"version-history":[{"count":2,"href":"https:\/\/laverdadpublica.com\/index.php\/wp-json\/wp\/v2\/posts\/9571\/revisions"}],"predecessor-version":[{"id":9574,"href":"https:\/\/laverdadpublica.com\/index.php\/wp-json\/wp\/v2\/posts\/9571\/revisions\/9574"}],"wp:attachment":[{"href":"https:\/\/laverdadpublica.com\/index.php\/wp-json\/wp\/v2\/media?parent=9571"}],"wp:term":[{"taxonomy":"category","embeddable":true,"href":"https:\/\/laverdadpublica.com\/index.php\/wp-json\/wp\/v2\/categories?post=9571"},{"taxonomy":"post_tag","embeddable":true,"href":"https:\/\/laverdadpublica.com\/index.php\/wp-json\/wp\/v2\/tags?post=9571"}],"curies":[{"name":"wp","href":"https:\/\/api.w.org\/{rel}","templated":true}]}}