{"id":9592,"date":"2023-11-14T04:10:50","date_gmt":"2023-11-14T04:10:50","guid":{"rendered":"https:\/\/laverdadpublica.com\/?p=9592"},"modified":"2023-11-14T04:10:50","modified_gmt":"2023-11-14T04:10:50","slug":"ivan-garcia-garantiza-precios-asequibles-en-navidad-2","status":"publish","type":"post","link":"https:\/\/laverdadpublica.com\/index.php\/2023\/11\/14\/ivan-garcia-garantiza-precios-asequibles-en-navidad-2\/","title":{"rendered":"Iv\u00e1n Garc\u00eda garantiza precios asequibles en navidad."},"content":{"rendered":"<div class=\"entry-content-wrap\">\n<div id=\"post-body\" class=\"post-body entry-content\">\n<div dir=\"auto\" style=\"text-align: justify;\">\n<div class=\"separator\" style=\"text-align: justify;\"><img decoding=\"async\" class=\"alignright lazyload\" data-src=\"https:\/\/lh3.googleusercontent.com\/-vBDi1vUC_Oo\/ZVKNhLzT5KI\/AAAAAAAB4l8\/Cs1BmrgXBewKmv7YEPIck78t-rQl-YiyQCNcBGAsYHQ\/s1600\/IVAN%2BGARCIA%2B4%2B.png\" width=\"320\" height=\"241\" border=\"0\" data-original-height=\"581\" data-original-width=\"771\" src=\"data:image\/svg+xml;base64,PHN2ZyB3aWR0aD0iMSIgaGVpZ2h0PSIxIiB4bWxucz0iaHR0cDovL3d3dy53My5vcmcvMjAwMC9zdmciPjwvc3ZnPg==\" style=\"--smush-placeholder-width: 320px; --smush-placeholder-aspect-ratio: 320\/241;\" \/>El presidente de la Federaci\u00f3n Dominicana de Comerciantes (FDC) Iv\u00e1n Garc\u00eda garantiz\u00f3 que para esta navidad que se aproxima\u00a0 el pueblo dominicano puede estar tranquilo y no preocuparse\u00a0 por falta de productos navide\u00f1os o los costos, ya que el comercio del pa\u00eds est\u00e1 preparado para poder servirles al consumidor a precios asequibles y de excelente calidad.<\/div>\n<\/div>\n<div dir=\"auto\" style=\"text-align: justify;\"><\/div>\n<div dir=\"auto\" style=\"text-align: justify;\">\u201cLos empresarios comerciantes compramos todos los productos de navidad que se compran obviamente con anticipaci\u00f3n y que ya llegaron o est\u00e1n terminando de llegar en este mes de noviembre\u201d fueron las declaraciones de Iv\u00e1n Garc\u00eda en el programa Ra\u00edz Tv Siete D\u00edas transmitido domingo 12:00 meridiano bajo la producci\u00f3n del cineasta\u00a0 Dionys D\u00edaz y la periodista Ana Ulloa por Teleradio Am\u00e9rica canal 45 y canal 12.<\/div>\n<div dir=\"auto\" style=\"text-align: justify;\">\n<div class=\"separator\"><a href=\"https:\/\/lh3.googleusercontent.com\/-jkhj72Ic6o0\/ZVKNh8Cy1tI\/AAAAAAAB4mA\/ditQOKPboLke7DCNHob36WQONkQ-jFPQwCNcBGAsYHQ\/s1600\/IVAN%2BGARCIA%2BY%2BANA%2B3%2B.png\"><img decoding=\"async\" class=\"alignleft lazyload\" data-src=\"https:\/\/lh3.googleusercontent.com\/-jkhj72Ic6o0\/ZVKNh8Cy1tI\/AAAAAAAB4mA\/ditQOKPboLke7DCNHob36WQONkQ-jFPQwCNcBGAsYHQ\/s1600\/IVAN%2BGARCIA%2BY%2BANA%2B3%2B.png\" width=\"320\" height=\"180\" border=\"0\" data-original-height=\"768\" data-original-width=\"1364\" src=\"data:image\/svg+xml;base64,PHN2ZyB3aWR0aD0iMSIgaGVpZ2h0PSIxIiB4bWxucz0iaHR0cDovL3d3dy53My5vcmcvMjAwMC9zdmciPjwvc3ZnPg==\" style=\"--smush-placeholder-width: 320px; --smush-placeholder-aspect-ratio: 320\/180;\" \/><\/a><\/div>\n<\/div>\n<div dir=\"auto\" style=\"text-align: justify;\">\u00a0Garc\u00eda tambi\u00e9n sugiri\u00f3 a toda la poblaci\u00f3n que a la hora de hacer sus compras\u00a0 revisen bien las ofertas que existen en los diferentes establecimientos comerciales y que compren en el lugar que mejores condiciones\u00a0 ofrezcan en precios,\u00a0 salubridad, calidad y en servicios, porque seg\u00fan destac\u00f3 el presidente de\u00a0 Federaci\u00f3n Dominicana de Comerciantes, la rueda del comercio trata precisamente de vender lo m\u00e1s barato posible, con la mejor calidad posible y con el menor tiempo posible.<\/div>\n<div dir=\"auto\" style=\"text-align: justify;\"><\/div>\n<div dir=\"auto\" style=\"text-align: justify;\">Asimismo Iv\u00e1n Garc\u00eda dijo \u201clo primero es que como estamos en libre comercio aqu\u00ed no hay control de precios aqu\u00ed el \u00fanico producto que\u00a0 tiene control de precios es el az\u00facar y lamentablemente por mal manejo inclusivo\u00a0 de las autoridades con el tema de los permisos de importaci\u00f3n,\u00a0 el az\u00facar refina se est\u00e1 comercializando a 50 pesos la libra y la crema a 35 y 40 pesos, lo que esperamos es que como a final de este mes comienza la zafra a entrar de nuevo entonces\u00a0 que se puedan reducir\u00a0 los precios a como est\u00e1 establecido dentro del Instituto de la Az\u00facar donde se fijan los precios de la az\u00facar que es el \u00fanico producto que tiene control\u201d.<\/div>\n<\/div>\n<\/div>\n<div dir=\"auto\" style=\"text-align: justify;\"><\/div>\n<div dir=\"auto\">Fuente: Federaci\u00f3n Dominicana de Comerciantes (FDC)<\/div>\n","protected":false},"excerpt":{"rendered":"<p>El presidente de la Federaci\u00f3n Dominicana de Comerciantes (FDC) Iv\u00e1n Garc\u00eda garantiz\u00f3 que para esta<\/p>\n","protected":false},"author":1,"featured_media":0,"comment_status":"open","ping_status":"open","sticky":false,"template":"","format":"standard","meta":{"footnotes":""},"categories":[7],"tags":[],"class_list":["post-9592","post","type-post","status-publish","format-standard","hentry","category-nacionales"],"_links":{"self":[{"href":"https:\/\/laverdadpublica.com\/index.php\/wp-json\/wp\/v2\/posts\/9592","targetHints":{"allow":["GET"]}}],"collection":[{"href":"https:\/\/laverdadpublica.com\/index.php\/wp-json\/wp\/v2\/posts"}],"about":[{"href":"https:\/\/laverdadpublica.com\/index.php\/wp-json\/wp\/v2\/types\/post"}],"author":[{"embeddable":true,"href":"https:\/\/laverdadpublica.com\/index.php\/wp-json\/wp\/v2\/users\/1"}],"replies":[{"embeddable":true,"href":"https:\/\/laverdadpublica.com\/index.php\/wp-json\/wp\/v2\/comments?post=9592"}],"version-history":[{"count":1,"href":"https:\/\/laverdadpublica.com\/index.php\/wp-json\/wp\/v2\/posts\/9592\/revisions"}],"predecessor-version":[{"id":9593,"href":"https:\/\/laverdadpublica.com\/index.php\/wp-json\/wp\/v2\/posts\/9592\/revisions\/9593"}],"wp:attachment":[{"href":"https:\/\/laverdadpublica.com\/index.php\/wp-json\/wp\/v2\/media?parent=9592"}],"wp:term":[{"taxonomy":"category","embeddable":true,"href":"https:\/\/laverdadpublica.com\/index.php\/wp-json\/wp\/v2\/categories?post=9592"},{"taxonomy":"post_tag","embeddable":true,"href":"https:\/\/laverdadpublica.com\/index.php\/wp-json\/wp\/v2\/tags?post=9592"}],"curies":[{"name":"wp","href":"https:\/\/api.w.org\/{rel}","templated":true}]}}