{"id":9697,"date":"2023-11-16T02:12:41","date_gmt":"2023-11-16T02:12:41","guid":{"rendered":"https:\/\/laverdadpublica.com\/?p=9697"},"modified":"2023-11-17T02:13:47","modified_gmt":"2023-11-17T02:13:47","slug":"defensa-civil-dispone-activar-cpmr-en-provincias-en-alerta","status":"publish","type":"post","link":"https:\/\/laverdadpublica.com\/index.php\/2023\/11\/16\/defensa-civil-dispone-activar-cpmr-en-provincias-en-alerta\/","title":{"rendered":"Defensa Civil dispone activar CPMR en provincias en alerta"},"content":{"rendered":"<div class=\"entry-header\">\n<blockquote>\n<p class=\"jeg_post_subtitle\" style=\"text-align: justify;\"><em>Juan Salas se re\u00fani\u00f3 con directores provinciales, por posible paso de disturbio tropical sobre el territorio de Rep\u00fablica Dominicana<\/em><\/p>\n<\/blockquote>\n<div class=\"jeg_meta_container\" style=\"text-align: justify;\">\n<div class=\"jeg_post_meta jeg_post_meta_1\">\n<div class=\"meta_left\">\n<div class=\"jeg_meta_author\"><\/div>\n<\/div>\n<\/div>\n<\/div>\n<\/div>\n<div class=\"jeg_featured featured_image \" style=\"text-align: justify;\">\n<div class=\"thumbnail-container animate-lazy\"><img decoding=\"async\" class=\"attachment-jnews-750x375  wp-post-image lazyautosizes lazyloaded alignleft\" src=\"https:\/\/lalupadelsur.com\/wp-content\/uploads\/2023\/11\/juan-salas-750x375.jpeg\" sizes=\"750px\" srcset=\"https:\/\/lalupadelsur.com\/wp-content\/uploads\/2023\/11\/juan-salas-750x375.jpeg 750w, https:\/\/lalupadelsur.com\/wp-content\/uploads\/2023\/11\/juan-salas-360x180.jpeg 360w, https:\/\/lalupadelsur.com\/wp-content\/uploads\/2023\/11\/juan-salas-1140x570.jpeg 1140w\" alt=\"Defensa Civil dispone activar CPMR en provincias en alerta\" width=\"912\" height=\"456\" data-src=\"https:\/\/lalupadelsur.com\/wp-content\/uploads\/2023\/11\/juan-salas-750x375.jpeg\" data-srcset=\"https:\/\/lalupadelsur.com\/wp-content\/uploads\/2023\/11\/juan-salas-750x375.jpeg 750w, https:\/\/lalupadelsur.com\/wp-content\/uploads\/2023\/11\/juan-salas-360x180.jpeg 360w, https:\/\/lalupadelsur.com\/wp-content\/uploads\/2023\/11\/juan-salas-1140x570.jpeg 1140w\" data-sizes=\"auto\" data-expand=\"700\" \/><\/div>\n<\/div>\n<div class=\"jeg_share_top_container\" style=\"text-align: justify;\">\n<div class=\"jeg_share_button clearfix\">\n<div class=\"jeg_sharelist\">Con el objetivo de trazar las medidas de prevenci\u00f3n por el posible paso de un disturbio tropical, ubicado en aguas del Mar Caribe, que provoc\u00f3 se declarara 14 provincias en alerta, el presidente de la Comisi\u00f3n Nacional de Emergencias y Director Ejecutivo de la Defensa Civil, Juan Salas, se reuni\u00f3 este jueves con los 32 directores provinciales.<\/div>\n<\/div>\n<\/div>\n<div class=\"entry-content no-share\">\n<div class=\"content-inner \">\n<p style=\"text-align: justify;\">\n<p style=\"text-align: justify;\">\u00abActuemos anticipadamente para salvaguardar vidas y propiedades, puesto que los pron\u00f3sticos de los organismos t\u00e9cnico-cient\u00edficos indican que el fen\u00f3meno meteorol\u00f3gico traer\u00e1 muchas lluvias desde este viernes y hasta el pr\u00f3ximo domingo\u00bb, dijo Salas durante el encuentro, en modalidad virtual y presencial.<\/p>\n<p style=\"text-align: justify;\">Llam\u00f3 a los directores a activar los Comit\u00e9s de Prevenci\u00f3n, Mitigaci\u00f3n y Respuesta (CPMR), junto a las Gobernadoras, quienes encabezan a nivel provincial, y junto a los alcaldes a nivel municipal, en las localidades bajo alerta.<\/p>\n<p style=\"text-align: justify;\">Salas, inform\u00f3 que la Defensa Civil tiene georreferenciados los lugares que pudieran ser habilitados como albergues a nivel nacional. Para acceder al listado pide a la poblaci\u00f3n a escanear el c\u00f3digo QR disponible en la p\u00e1gina web www.defensacivil.gob.do y redes sociales. Adem\u00e1s, recuerda que pueden llamar al 809-472-8617 para cualquier orientaci\u00f3n.<\/p>\n<p style=\"text-align: justify;\"><strong>Sobre las provincias en alerta<\/strong><br \/>\nEn rueda de prensa, el Centro de Operaciones de Emergencias (COE), emiti\u00f3 \u00abAlerta Amarilla\u00bb para: Pedernales, Barahona, El\u00edas Pi\u00f1a, Independencia, San Juan, Azua, Dajab\u00f3n, Bahoruco, mientras que en \u00abVerde\u00bb coloc\u00f3 a: Santo Domingo, Distrito Nacional, Peravia, San Crist\u00f3bal, Monse\u00f1or Nouel y San Jos\u00e9 de Ocoa.<\/p>\n<p style=\"text-align: justify;\">La Defensa Civil recomienda a la poblaci\u00f3n estar atenta a las informaciones emitidas por los organismos de protecci\u00f3n civil.<\/p>\n<\/div>\n<\/div>\n","protected":false},"excerpt":{"rendered":"<p>Juan Salas se re\u00fani\u00f3 con directores provinciales, por posible paso de disturbio tropical sobre el<\/p>\n","protected":false},"author":1,"featured_media":0,"comment_status":"open","ping_status":"open","sticky":false,"template":"","format":"standard","meta":{"footnotes":""},"categories":[7],"tags":[],"class_list":["post-9697","post","type-post","status-publish","format-standard","hentry","category-nacionales"],"_links":{"self":[{"href":"https:\/\/laverdadpublica.com\/index.php\/wp-json\/wp\/v2\/posts\/9697","targetHints":{"allow":["GET"]}}],"collection":[{"href":"https:\/\/laverdadpublica.com\/index.php\/wp-json\/wp\/v2\/posts"}],"about":[{"href":"https:\/\/laverdadpublica.com\/index.php\/wp-json\/wp\/v2\/types\/post"}],"author":[{"embeddable":true,"href":"https:\/\/laverdadpublica.com\/index.php\/wp-json\/wp\/v2\/users\/1"}],"replies":[{"embeddable":true,"href":"https:\/\/laverdadpublica.com\/index.php\/wp-json\/wp\/v2\/comments?post=9697"}],"version-history":[{"count":1,"href":"https:\/\/laverdadpublica.com\/index.php\/wp-json\/wp\/v2\/posts\/9697\/revisions"}],"predecessor-version":[{"id":9698,"href":"https:\/\/laverdadpublica.com\/index.php\/wp-json\/wp\/v2\/posts\/9697\/revisions\/9698"}],"wp:attachment":[{"href":"https:\/\/laverdadpublica.com\/index.php\/wp-json\/wp\/v2\/media?parent=9697"}],"wp:term":[{"taxonomy":"category","embeddable":true,"href":"https:\/\/laverdadpublica.com\/index.php\/wp-json\/wp\/v2\/categories?post=9697"},{"taxonomy":"post_tag","embeddable":true,"href":"https:\/\/laverdadpublica.com\/index.php\/wp-json\/wp\/v2\/tags?post=9697"}],"curies":[{"name":"wp","href":"https:\/\/api.w.org\/{rel}","templated":true}]}}