{"id":9730,"date":"2023-11-17T02:37:28","date_gmt":"2023-11-17T02:37:28","guid":{"rendered":"https:\/\/laverdadpublica.com\/?p=9730"},"modified":"2023-11-18T02:39:30","modified_gmt":"2023-11-18T02:39:30","slug":"hector-acosta-el-torito-conmovido-por-el-canto-de-yanibel-una-nina-de-8-anos","status":"publish","type":"post","link":"https:\/\/laverdadpublica.com\/index.php\/2023\/11\/17\/hector-acosta-el-torito-conmovido-por-el-canto-de-yanibel-una-nina-de-8-anos\/","title":{"rendered":"H\u00e9ctor Acosta \u201cEl Torito\u201d Conmovido por el canto de Yanibel, una ni\u00f1a de 8 a\u00f1os"},"content":{"rendered":"<p style=\"text-align: justify;\"><img decoding=\"async\" class=\"size-medium wp-image-9731 lazyload\" data-src=\"https:\/\/laverdadpublica.com\/wp-content\/uploads\/2023\/11\/Screenshot_2023-11-17_230124-300x218.png\" alt=\"\" width=\"300\" height=\"218\" data-srcset=\"https:\/\/laverdadpublica.com\/wp-content\/uploads\/2023\/11\/Screenshot_2023-11-17_230124-300x218.png 300w, https:\/\/laverdadpublica.com\/wp-content\/uploads\/2023\/11\/Screenshot_2023-11-17_230124-1024x744.png 1024w, https:\/\/laverdadpublica.com\/wp-content\/uploads\/2023\/11\/Screenshot_2023-11-17_230124-768x558.png 768w, https:\/\/laverdadpublica.com\/wp-content\/uploads\/2023\/11\/Screenshot_2023-11-17_230124.png 1080w\" data-sizes=\"(max-width: 300px) 100vw, 300px\" src=\"data:image\/svg+xml;base64,PHN2ZyB3aWR0aD0iMSIgaGVpZ2h0PSIxIiB4bWxucz0iaHR0cDovL3d3dy53My5vcmcvMjAwMC9zdmciPjwvc3ZnPg==\" style=\"--smush-placeholder-width: 300px; --smush-placeholder-aspect-ratio: 300\/218;\" \/><\/p>\n<p style=\"text-align: justify;\">Santiago, RD. -H\u00e9ctor Acosta (El Torito), reconocido como \u201cEl artista del pueblo\u201d, ha sido conmovido por el talento y la pasi\u00f3n de Yanibel, una ni\u00f1a dominicana de tan solo 8 a\u00f1os, quien se convirti\u00f3 en viral en las redes a trav\u00e9s de un emotivo video interpretando la bachata \u201cPerd\u00f3name la vida\u201d logrando captar la atenci\u00f3n del cantante hasta llevarlo a iniciar la b\u00fasqueda que culmin\u00f3 con el encuentro entre ambos.<\/p>\n<p style=\"text-align: justify;\">El video, compartido por el t\u00edo de Yanibel, muestra a la ni\u00f1a entonando con profundo sentimiento la canci\u00f3n \u201cPerd\u00f3name la vida\u201d, abrazada a su padre y demostrando una destreza y emotividad que cautivaron al famoso int\u00e9rprete.<\/p>\n<p style=\"text-align: justify;\">H\u00e9ctor Acosta expres\u00f3 su sorpresa al descubrir el talento de Yanibel y, movido por el cari\u00f1o y la admiraci\u00f3n que le profesa, decidi\u00f3 visitarla en su hogar en Cienfuegos, Santiago, durante la tarde del pasado mi\u00e9rcoles 15 de noviembre.<\/p>\n<p style=\"text-align: justify;\">El encuentro fue conmovedor, donde la peque\u00f1a Yanibel comparti\u00f3 con entusiasmo c\u00f3mo surgi\u00f3 su admiraci\u00f3n por \u2018El Torito\u2019, revelando que aprendi\u00f3 la canci\u00f3n al escuchar a su padre dedic\u00e1rsela a su novia. Esto, una vez m\u00e1s, resalta c\u00f3mo los ni\u00f1os absorben los gestos de sus padres, tanto lo positivo como lo negativo.<\/p>\n<p style=\"text-align: justify;\">La emoci\u00f3n fue palpable durante la visita, ya que Yanibel pudo finalmente conocer en persona a su \u00eddolo. Por su parte H\u00e9ctor Acosta se comprometi\u00f3 a apoyar el talento natural de la ni\u00f1a, ofreciendo cubrir sus estudios de canto, adem\u00e1s le dej\u00f3 su contacto privado para que no dude en solicitarle en lo que necesite.<\/p>\n<p style=\"text-align: justify;\">La historia de esta conexi\u00f3n especial entre el artista y la joven promesa musical Yanibel, ha conmovido a muchos, destacando la generosidad y el apoyo que un artista reconocido puede brindar a una nueva generaci\u00f3n de talentos.<\/p>\n<p style=\"text-align: justify;\">Video Completo en: https:\/\/www.instagram.com\/reel\/CzsQTQduEKO\/?utm_source=ig_web_copy_link<\/p>\n<p>&nbsp;<\/p>\n<p>Fuente: Externa<\/p>\n","protected":false},"excerpt":{"rendered":"<p>Santiago, RD. -H\u00e9ctor Acosta (El Torito), reconocido como \u201cEl artista del pueblo\u201d, ha sido conmovido<\/p>\n","protected":false},"author":4,"featured_media":0,"comment_status":"open","ping_status":"open","sticky":false,"template":"","format":"standard","meta":{"footnotes":""},"categories":[6],"tags":[],"class_list":["post-9730","post","type-post","status-publish","format-standard","hentry","category-entretenimiento"],"_links":{"self":[{"href":"https:\/\/laverdadpublica.com\/index.php\/wp-json\/wp\/v2\/posts\/9730","targetHints":{"allow":["GET"]}}],"collection":[{"href":"https:\/\/laverdadpublica.com\/index.php\/wp-json\/wp\/v2\/posts"}],"about":[{"href":"https:\/\/laverdadpublica.com\/index.php\/wp-json\/wp\/v2\/types\/post"}],"author":[{"embeddable":true,"href":"https:\/\/laverdadpublica.com\/index.php\/wp-json\/wp\/v2\/users\/4"}],"replies":[{"embeddable":true,"href":"https:\/\/laverdadpublica.com\/index.php\/wp-json\/wp\/v2\/comments?post=9730"}],"version-history":[{"count":1,"href":"https:\/\/laverdadpublica.com\/index.php\/wp-json\/wp\/v2\/posts\/9730\/revisions"}],"predecessor-version":[{"id":9732,"href":"https:\/\/laverdadpublica.com\/index.php\/wp-json\/wp\/v2\/posts\/9730\/revisions\/9732"}],"wp:attachment":[{"href":"https:\/\/laverdadpublica.com\/index.php\/wp-json\/wp\/v2\/media?parent=9730"}],"wp:term":[{"taxonomy":"category","embeddable":true,"href":"https:\/\/laverdadpublica.com\/index.php\/wp-json\/wp\/v2\/categories?post=9730"},{"taxonomy":"post_tag","embeddable":true,"href":"https:\/\/laverdadpublica.com\/index.php\/wp-json\/wp\/v2\/tags?post=9730"}],"curies":[{"name":"wp","href":"https:\/\/api.w.org\/{rel}","templated":true}]}}