{"id":9749,"date":"2023-11-17T03:53:25","date_gmt":"2023-11-17T03:53:25","guid":{"rendered":"https:\/\/laverdadpublica.com\/?p=9749"},"modified":"2023-11-18T03:54:46","modified_gmt":"2023-11-18T03:54:46","slug":"alcaldesa-carolina-mejia-activa-el-comite-de-mitigacion-prevencion-y-respuesta-ante-posibles-lluvias-se-mantiene-en-sesion-permanente","status":"publish","type":"post","link":"https:\/\/laverdadpublica.com\/index.php\/2023\/11\/17\/alcaldesa-carolina-mejia-activa-el-comite-de-mitigacion-prevencion-y-respuesta-ante-posibles-lluvias-se-mantiene-en-sesion-permanente\/","title":{"rendered":"Alcaldesa Carolina Mej\u00eda activa el Comit\u00e9 de Mitigaci\u00f3n Prevenci\u00f3n y Respuesta ante posibles Lluvias; se mantiene en sesi\u00f3n permanente"},"content":{"rendered":"<div class=\"post-header\">\n<div class=\"post-head\"><\/div>\n<div style=\"text-align: justify;\">Por Felix Rubio<\/div>\n<\/div>\n<article>\n<div id=\"post-body-3393928891247954508\" class=\"post-body entry-content\">\n<blockquote>\n<p style=\"text-align: justify;\">Un equipo de 300 colaboradores, 19 camiones de succi\u00f3n para cuneteo preventivo, 22 veh\u00edculos y 5 brigadas de gesti\u00f3n ambiental se encuentran realizando las labores para mitigar los posibles efectos ante las lluvias.<\/p>\n<\/blockquote>\n<p style=\"text-align: justify;\">Distrito Nacional D.N.- La alcaldesa del Distrito Nacional, Carolina Mej\u00eda, declar\u00f3 en sesi\u00f3n permanente el Comit\u00e9 de Prevenci\u00f3n, Mitigaci\u00f3n y Respuesta ante Desastres (PMR-DN), ante un disturbio tropical que se prev\u00e9 generar\u00e1 lluvias desde la madrugada de este viernes.<\/p>\n<div class=\"separator\" style=\"text-align: justify;\"><a href=\"https:\/\/blogger.googleusercontent.com\/img\/b\/R29vZ2xl\/AVvXsEj5Z-BzhSRzHZKzcCoStaOOuOw_Q1suCBwVrPYHNLqpZEBjlY-9K4lPn0sIDrT11fA_j5k_pei0csxSilYtT5UUkhGnwAsBtav-4ShGCyDjz5KpKQrsn5ykP92IXNq21-PB9323hF7tLgIsqL7mnq37DLVCt3DlXsIZPE5ce25kxdlnlQ8OQk5mWr_jpbc\/s1600\/IMG-20231116-WA0967.jpg\"><img decoding=\"async\" class=\"alignleft lazyload\" title=\"IMG-20231116-WA0967\" data-src=\"https:\/\/blogger.googleusercontent.com\/img\/b\/R29vZ2xl\/AVvXsEj5Z-BzhSRzHZKzcCoStaOOuOw_Q1suCBwVrPYHNLqpZEBjlY-9K4lPn0sIDrT11fA_j5k_pei0csxSilYtT5UUkhGnwAsBtav-4ShGCyDjz5KpKQrsn5ykP92IXNq21-PB9323hF7tLgIsqL7mnq37DLVCt3DlXsIZPE5ce25kxdlnlQ8OQk5mWr_jpbc\/s320\/IMG-20231116-WA0967.jpg\" alt=\"IMG-20231116-WA0967\" width=\"320\" height=\"213\" border=\"0\" data-original-height=\"1066\" data-original-width=\"1600\" src=\"data:image\/svg+xml;base64,PHN2ZyB3aWR0aD0iMSIgaGVpZ2h0PSIxIiB4bWxucz0iaHR0cDovL3d3dy53My5vcmcvMjAwMC9zdmciPjwvc3ZnPg==\" style=\"--smush-placeholder-width: 320px; --smush-placeholder-aspect-ratio: 320\/213;\" \/><\/a><\/div>\n<p style=\"text-align: justify;\">La medida, que mantiene al comit\u00e9 en sesi\u00f3n permanente, tiene como objetivo coordinar eficazmente las acciones necesarias para salvaguardar la seguridad y el bienestar de los residentes del Distrito Nacional.<\/p>\n<p style=\"text-align: justify;\">Representantes del Cuerpo de Bomberos del Distrito Nacional, las Edes, el Ej\u00e9rcito Nacional, la Superintendencia de Electricidad y la Defensa Civil, entre otros organismos de socorro que forman parte integral de este comit\u00e9 indicaron que trabajan de la mano para implementar medidas preventivas y responder de manera eficiente a cualquier situaci\u00f3n de emergencia.<\/p>\n<p style=\"text-align: justify;\">Carolina Mej\u00eda explic\u00f3 que la activaci\u00f3n del comit\u00e9 se realiza en base a informaci\u00f3n proporcionada por la Oficina Nacional de Meteorolog\u00eda (Onamet) y el Centro de Operaciones de Emergencias (COE) \u201cDesde hace dos d\u00edas, se han implementado labores preventivas, incluyendo un operativo especial de limpieza de filtrantes, trabajos en las ca\u00f1adas y limpieza de imbornales\u201d. <a href=\"https:\/\/blogger.googleusercontent.com\/img\/b\/R29vZ2xl\/AVvXsEisa-m70DzsUNij9UeAz58TEdxMw460VnujV7rMtxcXdMhPGkE0n4HWtHCfqtoHeT85eLBkI-I5W6rM-pZD0Cwv_FDXiPWgNI3K0dn6lyZ4-ZgDPac65ebNJYIJmCwsq1EO_Zh5fCuZOfZppYebWHTK8caeO0Qh9rzZfrQGp4SvEVj3Pnp5XYKm6vr21T0\/s1600\/IMG-20231116-WA0968.jpg\"><img decoding=\"async\" class=\"alignright lazyload\" title=\"IMG-20231116-WA0968\" data-src=\"https:\/\/blogger.googleusercontent.com\/img\/b\/R29vZ2xl\/AVvXsEisa-m70DzsUNij9UeAz58TEdxMw460VnujV7rMtxcXdMhPGkE0n4HWtHCfqtoHeT85eLBkI-I5W6rM-pZD0Cwv_FDXiPWgNI3K0dn6lyZ4-ZgDPac65ebNJYIJmCwsq1EO_Zh5fCuZOfZppYebWHTK8caeO0Qh9rzZfrQGp4SvEVj3Pnp5XYKm6vr21T0\/s320\/IMG-20231116-WA0968.jpg\" alt=\"IMG-20231116-WA0968\" width=\"320\" height=\"213\" border=\"0\" data-original-height=\"1066\" data-original-width=\"1600\" src=\"data:image\/svg+xml;base64,PHN2ZyB3aWR0aD0iMSIgaGVpZ2h0PSIxIiB4bWxucz0iaHR0cDovL3d3dy53My5vcmcvMjAwMC9zdmciPjwvc3ZnPg==\" style=\"--smush-placeholder-width: 320px; --smush-placeholder-aspect-ratio: 320\/213;\" \/><\/a><\/p>\n<p style=\"text-align: justify;\">Wagner Rivera, pronosticador meteorol\u00f3gico de la Oficina Nacional de Meteorolog\u00eda (Onamet), explic\u00f3 que existe un 70% de la probabilidad de que el disturbio tropical se convierta en depresi\u00f3n tropical y que se esperan lluvias de 84 a 90 mil\u00edmetros de viernes a domingo, iniciando en horas de la madrugada del viernes.<\/p>\n<p style=\"text-align: justify;\">El equipo de Educaci\u00f3n Ciudadana del Departamento de Desarrollo Comunitario estar\u00e1 desplegado en puntos cr\u00edticos, alertando a los residentes sobre las precauciones necesarias. Ana Pimentel, de Fideicomiso Do Sostenible, indic\u00f3 que se realizan trabajos preventivos en Villas Agr\u00edcolas y la implementaci\u00f3n de operativos las 24 horas. Adem\u00e1s, se est\u00e1 trabajando en la habilitaci\u00f3n del camino de Duquesa para incrementar el flujo vehicular y se est\u00e1n realizando trabajos preventivos en las ca\u00f1adas.<\/p>\n<p style=\"text-align: justify;\">Un equipo de 300 colaboradores, 19 camiones de succi\u00f3n para cuneteo preventivo, 22 veh\u00edculos y 5 brigadas de gesti\u00f3n ambiental se encuentran realizando las labores para mitigar los posibles efectos ante las lluvias.<\/p>\n<p style=\"text-align: justify;\">Daniel D&#8217; Oleo, asistente del director provincial de la Defensa Civil, inform\u00f3 que los albergues est\u00e1n disponibles y se pueden identificar a trav\u00e9s de un c\u00f3digo QR en la p\u00e1gina oficial. Se mantienen monitoreando zonas vulnerables para evacuaci\u00f3n, si es necesario.<\/p>\n<p style=\"text-align: justify;\">Representantes de Edesur indicaron que han activado su mesa de crisis para estar atentos ante cualquier eventualidad y garantizar el suministro el\u00e9ctrico en la zona.<\/p>\n<p style=\"text-align: justify;\">\u00a0La Alcald\u00eda y el Comit\u00e9 est\u00e1n comprometidos con la seguridad y el bienestar de todos los residentes, y se mantendr\u00e1n vigilantes para tomar las medidas necesarias conforme evolucione la situaci\u00f3n clim\u00e1tica.<\/p>\n<p style=\"text-align: justify;\">Fuente: Prensa Alcald\u00eda DN<\/p>\n<\/div>\n<\/article>\n","protected":false},"excerpt":{"rendered":"<p>Por Felix Rubio Un equipo de 300 colaboradores, 19 camiones de succi\u00f3n para cuneteo preventivo,<\/p>\n","protected":false},"author":1,"featured_media":0,"comment_status":"open","ping_status":"open","sticky":false,"template":"","format":"standard","meta":{"footnotes":""},"categories":[7],"tags":[],"class_list":["post-9749","post","type-post","status-publish","format-standard","hentry","category-nacionales"],"_links":{"self":[{"href":"https:\/\/laverdadpublica.com\/index.php\/wp-json\/wp\/v2\/posts\/9749","targetHints":{"allow":["GET"]}}],"collection":[{"href":"https:\/\/laverdadpublica.com\/index.php\/wp-json\/wp\/v2\/posts"}],"about":[{"href":"https:\/\/laverdadpublica.com\/index.php\/wp-json\/wp\/v2\/types\/post"}],"author":[{"embeddable":true,"href":"https:\/\/laverdadpublica.com\/index.php\/wp-json\/wp\/v2\/users\/1"}],"replies":[{"embeddable":true,"href":"https:\/\/laverdadpublica.com\/index.php\/wp-json\/wp\/v2\/comments?post=9749"}],"version-history":[{"count":1,"href":"https:\/\/laverdadpublica.com\/index.php\/wp-json\/wp\/v2\/posts\/9749\/revisions"}],"predecessor-version":[{"id":9750,"href":"https:\/\/laverdadpublica.com\/index.php\/wp-json\/wp\/v2\/posts\/9749\/revisions\/9750"}],"wp:attachment":[{"href":"https:\/\/laverdadpublica.com\/index.php\/wp-json\/wp\/v2\/media?parent=9749"}],"wp:term":[{"taxonomy":"category","embeddable":true,"href":"https:\/\/laverdadpublica.com\/index.php\/wp-json\/wp\/v2\/categories?post=9749"},{"taxonomy":"post_tag","embeddable":true,"href":"https:\/\/laverdadpublica.com\/index.php\/wp-json\/wp\/v2\/tags?post=9749"}],"curies":[{"name":"wp","href":"https:\/\/api.w.org\/{rel}","templated":true}]}}