{"id":9969,"date":"2023-11-23T15:23:07","date_gmt":"2023-11-23T15:23:07","guid":{"rendered":"https:\/\/laverdadpublica.com\/?p=9969"},"modified":"2023-11-24T15:27:17","modified_gmt":"2023-11-24T15:27:17","slug":"ministerio-de-la-juventud-otorgara-becas-a-150-estudiantes-reconocidos-a-la-excelencia-academica-por-su-gran-desempeno","status":"publish","type":"post","link":"https:\/\/laverdadpublica.com\/index.php\/2023\/11\/23\/ministerio-de-la-juventud-otorgara-becas-a-150-estudiantes-reconocidos-a-la-excelencia-academica-por-su-gran-desempeno\/","title":{"rendered":"Ministerio de la Juventud otorgar\u00e1 becas a 150 estudiantes reconocidos a la \u00abExcelencia Acad\u00e9mica\u00bb por su gran desempe\u00f1o"},"content":{"rendered":"<blockquote>\n<p style=\"text-align: justify;\">Ser\u00e1n beneficiados a trav\u00e9s de la plataforma Beca tu Futuro (becas.gob.do), del Sistema Nacional de Beca creado por el presidente Luis Abinader, de quien el ministro Rafael Jes\u00fas F\u00e9liz Garc\u00eda destac\u00f3 su decidido apoyo con todos los estudiantes del pa\u00eds<\/p>\n<\/blockquote>\n<p style=\"text-align: justify;\">\n<p style=\"text-align: justify;\">Santo Domingo.- El Ministro de la Juventud, Rafael Jes\u00fas F\u00e9liz Garc\u00eda, anunci\u00f3 la entrega de 150 becas a igual cantidad de estudiantes j\u00f3venes dentro del programa \u201cApoyo Educativo Juvenil\u201d de esa instituci\u00f3n durante el reconocimiento al M\u00e9rito Estudiantil y M\u00e1xima Excelencia del Nivel Secundario de las 18 Direcciones Regionales, que obtuvieron un promedio acad\u00e9mico sobre los 90 puntos durante los \u00faltimos cuatro a\u00f1os de escolaridad.<\/p>\n<p style=\"text-align: justify;\"><img decoding=\"async\" class=\"size-medium wp-image-9970 alignleft lazyload\" data-src=\"https:\/\/laverdadpublica.com\/wp-content\/uploads\/2023\/11\/IMG-20231122-WA0070-300x200.jpg\" alt=\"\" width=\"300\" height=\"200\" data-srcset=\"https:\/\/laverdadpublica.com\/wp-content\/uploads\/2023\/11\/IMG-20231122-WA0070-300x200.jpg 300w, https:\/\/laverdadpublica.com\/wp-content\/uploads\/2023\/11\/IMG-20231122-WA0070-1024x682.jpg 1024w, https:\/\/laverdadpublica.com\/wp-content\/uploads\/2023\/11\/IMG-20231122-WA0070-768x512.jpg 768w, https:\/\/laverdadpublica.com\/wp-content\/uploads\/2023\/11\/IMG-20231122-WA0070-1536x1023.jpg 1536w, https:\/\/laverdadpublica.com\/wp-content\/uploads\/2023\/11\/IMG-20231122-WA0070.jpg 1600w\" data-sizes=\"(max-width: 300px) 100vw, 300px\" src=\"data:image\/svg+xml;base64,PHN2ZyB3aWR0aD0iMSIgaGVpZ2h0PSIxIiB4bWxucz0iaHR0cDovL3d3dy53My5vcmcvMjAwMC9zdmciPjwvc3ZnPg==\" style=\"--smush-placeholder-width: 300px; --smush-placeholder-aspect-ratio: 300\/200;\" \/><\/p>\n<p style=\"text-align: justify;\">El acto fue encabezado por la vicepresidenta, Raquel Pe\u00f1a durante una ceremonia celebrada con motivo del D\u00eda Internacional del Estudiante en el sal\u00f3n Las Cari\u00e1tides del Palacio Nacional, el cual cont\u00f3 con la presencia de la viceministra de Asuntos T\u00e9cnicos y Pedag\u00f3gicos del Ministerio de Educaci\u00f3n, Ancell Scheker.<\/p>\n<blockquote><p>\u201cHoy, junto al reconocimiento de m\u00e9rito acad\u00e9mico que nos une en este sal\u00f3n, entregaremos una carta que acredita, a cada uno de estos j\u00f3venes meritorios, como beneficiarios del Programa Apoyo Educativo Juvenil del Ministerio de la Juventud, que les permite, a trav\u00e9s de la plataforma Beca tu Futuro, del Sistema Nacional de Beca creado en la gesti\u00f3n de presidente Luis Abinader\u201d, dijo el ministro de la Juventud.<\/p>\n<p>&nbsp;<\/p>\n<p>\u201cMediante esta pol\u00edtica p\u00fablica podr\u00e1n ser agraciado con un financiamiento en las m\u00e1s de 170 carreras disponibles, todas elegidas en base al informe cero, y m\u00e1s de 33 Instituciones de Educaci\u00f3n Superior\u201d, agreg\u00f3 F\u00e9liz Garc\u00eda.<\/p><\/blockquote>\n<p style=\"text-align: justify;\">La actividad se llev\u00f3 a cabo por el Ministerio de Educaci\u00f3n, instituci\u00f3n que escogi\u00f3 el D\u00eda Internacional del Estudiante, para condecorar a 150 estudiantes por sus buenas calificaciones, quienes ser\u00e1n beneficiados a trav\u00e9s de la plataforma Beca tu Futuro (https:\/\/becas.gob.do\/), del Sistema Nacional de Beca creado presidente Luis Abinader<\/p>\n<p style=\"text-align: justify;\"><img decoding=\"async\" class=\"size-medium wp-image-9971 alignright lazyload\" data-src=\"https:\/\/laverdadpublica.com\/wp-content\/uploads\/2023\/11\/IMG-20231122-WA0070-1-300x200.jpg\" alt=\"\" width=\"300\" height=\"200\" data-srcset=\"https:\/\/laverdadpublica.com\/wp-content\/uploads\/2023\/11\/IMG-20231122-WA0070-1-300x200.jpg 300w, https:\/\/laverdadpublica.com\/wp-content\/uploads\/2023\/11\/IMG-20231122-WA0070-1-1024x682.jpg 1024w, https:\/\/laverdadpublica.com\/wp-content\/uploads\/2023\/11\/IMG-20231122-WA0070-1-768x512.jpg 768w, https:\/\/laverdadpublica.com\/wp-content\/uploads\/2023\/11\/IMG-20231122-WA0070-1-1536x1023.jpg 1536w, https:\/\/laverdadpublica.com\/wp-content\/uploads\/2023\/11\/IMG-20231122-WA0070-1.jpg 1600w\" data-sizes=\"(max-width: 300px) 100vw, 300px\" src=\"data:image\/svg+xml;base64,PHN2ZyB3aWR0aD0iMSIgaGVpZ2h0PSIxIiB4bWxucz0iaHR0cDovL3d3dy53My5vcmcvMjAwMC9zdmciPjwvc3ZnPg==\" style=\"--smush-placeholder-width: 300px; --smush-placeholder-aspect-ratio: 300\/200;\" \/><\/p>\n<p style=\"text-align: justify;\">Al dirigirse a las autoridades y estudiantes presentes en el acto, el titular de Juventud manifest\u00f3 sentir satisfacci\u00f3n al ver a j\u00f3venes siendo reconocidos por su excelencia acad\u00e9mica, y a la vez, felicit\u00f3 y agradeci\u00f3 al presidente Luis Abinader y a la vicepresidenta Raquel Pe\u00f1a, por acoger las pol\u00edticas p\u00fablicas implementadas desde el Ministerio de la Juventud a favor de la poblaci\u00f3n juvenil dominicana destacando que \u00abcon autoridades como ustedes, tengo el viento a mi favor en el ejercicio de mis funciones que me han tocado\u00bb.<\/p>\n<blockquote><p>\u201cSe\u00f1or presidente, quiero agradecerle sinceramente el trabajo que realiza en beneficio de toda la poblaci\u00f3n juvenil dominicana. Gracias por acoger de la manera que lo ha hecho a toda la juventud\u201d, destac\u00f3.<\/p><\/blockquote>\n<p style=\"text-align: justify;\">Finaliz\u00f3 exhortando a los j\u00f3venes, a reconocer que tienen un presidente, vicepresidenta y autoridades educativas competentes, que siempre los acompa\u00f1aran durante su desarrollo profesional. Adem\u00e1s, les invit\u00f3 a que sigan luchando y honrando la patria.<\/p>\n<p style=\"text-align: justify;\"><img decoding=\"async\" class=\"size-medium wp-image-9972 alignleft lazyload\" data-src=\"https:\/\/laverdadpublica.com\/wp-content\/uploads\/2023\/11\/IMG-20231122-WA0074-300x200.jpg\" alt=\"\" width=\"300\" height=\"200\" data-srcset=\"https:\/\/laverdadpublica.com\/wp-content\/uploads\/2023\/11\/IMG-20231122-WA0074-300x200.jpg 300w, https:\/\/laverdadpublica.com\/wp-content\/uploads\/2023\/11\/IMG-20231122-WA0074-1024x682.jpg 1024w, https:\/\/laverdadpublica.com\/wp-content\/uploads\/2023\/11\/IMG-20231122-WA0074-768x512.jpg 768w, https:\/\/laverdadpublica.com\/wp-content\/uploads\/2023\/11\/IMG-20231122-WA0074-1536x1023.jpg 1536w, https:\/\/laverdadpublica.com\/wp-content\/uploads\/2023\/11\/IMG-20231122-WA0074.jpg 1600w\" data-sizes=\"(max-width: 300px) 100vw, 300px\" src=\"data:image\/svg+xml;base64,PHN2ZyB3aWR0aD0iMSIgaGVpZ2h0PSIxIiB4bWxucz0iaHR0cDovL3d3dy53My5vcmcvMjAwMC9zdmciPjwvc3ZnPg==\" style=\"--smush-placeholder-width: 300px; --smush-placeholder-aspect-ratio: 300\/200;\" \/><\/p>\n<p style=\"text-align: justify;\">En tanto que la vicepresidenta, Raquel Pe\u00f1a, expres\u00f3 que el galard\u00f3n constituye una de las conquistas m\u00e1s importantes y que con mayor profundidad ha calado en el interior del sistema educativo dominicano y se trata, adem\u00e1s, de \u201cun reconocimiento a los mejores valores; al esfuerzo que conduce a la brillantez y al m\u00e9rito\u201d.<\/p>\n<p style=\"text-align: justify;\">Indic\u00f3 que para la gesti\u00f3n que encabeza el presidente Luis Abinader es una de las metas centrales apuntalar a estudiantes de primer nivel, que destaquen por el alto compromiso asumido con mejorar su formaci\u00f3n, sus habilidades socioemocionales y acad\u00e9micas en el aula.<\/p>\n<blockquote><p>\u201cApostamos por una educaci\u00f3n multimodal, que prepare a nuestros j\u00f3venes para lo que sabemos ser\u00e1 una vida compleja llena de retos y desaf\u00edos\u201d, resalt\u00f3.<\/p><\/blockquote>\n<p style=\"text-align: justify;\">En el acto de reconocimiento estuvieron presentes directivos regionales y distritales, maestros y dem\u00e1s figuras del sector educativo. Por el Ministerio de la Juventud, el director de Gabinete, Winston Paulino; el director de Programas, Gary Ruiz y el encargado de educaci\u00f3n, Darlin Toribio.<\/p>\n<p style=\"text-align: justify;\"><strong>Excelencia escolar<\/strong><\/p>\n<p style=\"text-align: justify;\">En el marco de la ceremonia se reconocieron a 18 j\u00f3venes con el Galard\u00f3n Diploma a la M\u00e1xima Excelencia por alcanzar y mantener calificaciones sobre los 90 puntos.<\/p>\n<p style=\"text-align: justify;\">Los reconocidos en esta categor\u00eda fueron Danny Perez Perez, Wascar E. Pe\u00f1a Lebr\u00f3n, Sendy S. Duran Segura, Mar\u00eda A. Vizcaino, Geomeris S\u00e1nchez Luis, Idelkis Diaz Garc\u00eda, Arialfis C\u00e1ceres de la Cruz, Eimy Dessire Valerio Castro, William A. Espinal Est\u00e9vez y Vianneris Duval Rosado.<\/p>\n<p style=\"text-align: justify;\">Asimismo, Nataly Marie Raposo Francisco, Jarlyn Omary Aybar D\u00edaz, Melanie Nicole Gonz\u00e1lez, Yerleny Vargas Adames, Lucy Familia Soriano, Cristal de Le\u00f3n Jos\u00e9, Francis Marian V\u00e1squez Heredia y Sara Giovanna Medina Ferreras.<\/p>\n<p style=\"text-align: justify;\">Fuente: Direcci\u00f3n de Comunicaciones MJ<\/p>\n","protected":false},"excerpt":{"rendered":"<p>Ser\u00e1n beneficiados a trav\u00e9s de la plataforma Beca tu Futuro (becas.gob.do), del Sistema Nacional de<\/p>\n","protected":false},"author":2,"featured_media":0,"comment_status":"open","ping_status":"open","sticky":false,"template":"","format":"standard","meta":{"footnotes":""},"categories":[7],"tags":[],"class_list":["post-9969","post","type-post","status-publish","format-standard","hentry","category-nacionales"],"_links":{"self":[{"href":"https:\/\/laverdadpublica.com\/index.php\/wp-json\/wp\/v2\/posts\/9969","targetHints":{"allow":["GET"]}}],"collection":[{"href":"https:\/\/laverdadpublica.com\/index.php\/wp-json\/wp\/v2\/posts"}],"about":[{"href":"https:\/\/laverdadpublica.com\/index.php\/wp-json\/wp\/v2\/types\/post"}],"author":[{"embeddable":true,"href":"https:\/\/laverdadpublica.com\/index.php\/wp-json\/wp\/v2\/users\/2"}],"replies":[{"embeddable":true,"href":"https:\/\/laverdadpublica.com\/index.php\/wp-json\/wp\/v2\/comments?post=9969"}],"version-history":[{"count":1,"href":"https:\/\/laverdadpublica.com\/index.php\/wp-json\/wp\/v2\/posts\/9969\/revisions"}],"predecessor-version":[{"id":9973,"href":"https:\/\/laverdadpublica.com\/index.php\/wp-json\/wp\/v2\/posts\/9969\/revisions\/9973"}],"wp:attachment":[{"href":"https:\/\/laverdadpublica.com\/index.php\/wp-json\/wp\/v2\/media?parent=9969"}],"wp:term":[{"taxonomy":"category","embeddable":true,"href":"https:\/\/laverdadpublica.com\/index.php\/wp-json\/wp\/v2\/categories?post=9969"},{"taxonomy":"post_tag","embeddable":true,"href":"https:\/\/laverdadpublica.com\/index.php\/wp-json\/wp\/v2\/tags?post=9969"}],"curies":[{"name":"wp","href":"https:\/\/api.w.org\/{rel}","templated":true}]}}