{"id":9982,"date":"2023-11-24T18:56:59","date_gmt":"2023-11-24T18:56:59","guid":{"rendered":"https:\/\/laverdadpublica.com\/?p=9982"},"modified":"2023-11-24T18:56:59","modified_gmt":"2023-11-24T18:56:59","slug":"el-mide-lanza-plan-de-aplicacion-resolucion-1325-del-consejo-de-seguridad-de-la-onu-para-las-fuerzas-armadas","status":"publish","type":"post","link":"https:\/\/laverdadpublica.com\/index.php\/2023\/11\/24\/el-mide-lanza-plan-de-aplicacion-resolucion-1325-del-consejo-de-seguridad-de-la-onu-para-las-fuerzas-armadas\/","title":{"rendered":"El MIDE, lanza plan de aplicaci\u00f3n resoluci\u00f3n 1325 del Consejo de Seguridad de la ONU para las Fuerzas Armadas"},"content":{"rendered":"<div class=\"separator\"><a href=\"https:\/\/blogger.googleusercontent.com\/img\/b\/R29vZ2xl\/AVvXsEibtxNzZjH15LBEsrPXOh3KZQULX8lUpeRlx2v7jQlsMthpp-BgdIdqpkAyR9lM5ES9kil-XrIIp3UOQfbpDt7DdbmxLEY79DT5-VJghpOFcUDuSPskZ4vHzvAXrDhG1WXGstBmO0rlci-65U-zMvJdBQH9Va_AZHV8AnxSNDEr2O_0FqvT5SpjN6ni8D3M\/s1600\/IMG-20231123-WA0010.jpg\"><img decoding=\"async\" class=\"alignleft lazyload\" data-src=\"https:\/\/blogger.googleusercontent.com\/img\/b\/R29vZ2xl\/AVvXsEibtxNzZjH15LBEsrPXOh3KZQULX8lUpeRlx2v7jQlsMthpp-BgdIdqpkAyR9lM5ES9kil-XrIIp3UOQfbpDt7DdbmxLEY79DT5-VJghpOFcUDuSPskZ4vHzvAXrDhG1WXGstBmO0rlci-65U-zMvJdBQH9Va_AZHV8AnxSNDEr2O_0FqvT5SpjN6ni8D3M\/s320\/IMG-20231123-WA0010.jpg\" width=\"320\" height=\"213\" border=\"0\" data-original-height=\"1063\" data-original-width=\"1600\" src=\"data:image\/svg+xml;base64,PHN2ZyB3aWR0aD0iMSIgaGVpZ2h0PSIxIiB4bWxucz0iaHR0cDovL3d3dy53My5vcmcvMjAwMC9zdmciPjwvc3ZnPg==\" style=\"--smush-placeholder-width: 320px; --smush-placeholder-aspect-ratio: 320\/213;\" \/><\/a><\/div>\n<p style=\"text-align: justify;\">Por Felix Rubio<\/p>\n<p style=\"text-align: justify;\">SANTO DOMINGO.- La Direcci\u00f3n de Equidad de G\u00e9nero y Desarrollo del Ministerio de Defensa (MIDE), y la Asociaci\u00f3n Dominicana de Esposas de Oficiales de las Fuerzas Armadas (ADEOFA), presentaron el \u201cPlan de implementaci\u00f3n de la resoluci\u00f3n 1325 del Consejo de Seguridad de las Naciones Unidas para las Fuerzas Armadas\u201d, en una ceremonia que coincidi\u00f3 con la celebraci\u00f3n del \u201cD\u00eda Internacional de la No Violencia contra la Mujer\u201d, en memoria a las Hermanas Mirabal.<\/p>\n<div class=\"separator\" style=\"text-align: justify;\"><a href=\"https:\/\/blogger.googleusercontent.com\/img\/b\/R29vZ2xl\/AVvXsEgjYML5IYRACiJUkEg-mgfJxQ7zbc7KIx9y-NOCkj-HlKYnCMZDENivlxThyphenhyphenW8oA2AczpGacL2y2UubhyghVI-218VpZ5sK6AT7KRtqfKRCXDcAyiXLI2EgG6fpvGpiOUsBNjsO5AbzAxmYF_yadj0OldE4qWe5JAkrU6XpvcdTZif88pkZ2c5fEoIM7VFD\/s1600\/IMG-20231123-WA0007.jpg\"><img decoding=\"async\" class=\"alignright lazyload\" data-src=\"https:\/\/blogger.googleusercontent.com\/img\/b\/R29vZ2xl\/AVvXsEgjYML5IYRACiJUkEg-mgfJxQ7zbc7KIx9y-NOCkj-HlKYnCMZDENivlxThyphenhyphenW8oA2AczpGacL2y2UubhyghVI-218VpZ5sK6AT7KRtqfKRCXDcAyiXLI2EgG6fpvGpiOUsBNjsO5AbzAxmYF_yadj0OldE4qWe5JAkrU6XpvcdTZif88pkZ2c5fEoIM7VFD\/s320\/IMG-20231123-WA0007.jpg\" width=\"320\" height=\"213\" border=\"0\" data-original-height=\"1063\" data-original-width=\"1600\" src=\"data:image\/svg+xml;base64,PHN2ZyB3aWR0aD0iMSIgaGVpZ2h0PSIxIiB4bWxucz0iaHR0cDovL3d3dy53My5vcmcvMjAwMC9zdmciPjwvc3ZnPg==\" style=\"--smush-placeholder-width: 320px; --smush-placeholder-aspect-ratio: 320\/213;\" \/><\/a><\/div>\n<p style=\"text-align: justify;\">La actividad, que tambi\u00e9n coincidi\u00f3 con el d\u00e9cimo primer aniversario de la creaci\u00f3n de la Direcci\u00f3n de Equidad de G\u00e9nero y Desarrollo del MIDE, estuvo encabezada por el ministro de Defensa, teniente general Carlos Luciano D\u00edaz Morfa, ERD, y su se\u00f1ora esposa Wendy Santos de D\u00edaz, presidente de (ADEOFA).<\/p>\n<div class=\"separator\" style=\"text-align: justify;\"><a href=\"https:\/\/blogger.googleusercontent.com\/img\/b\/R29vZ2xl\/AVvXsEg8_9ZpDH7xDDtyAliYcEBRkCTlwxdzouZhCgG6qnQLoUy8lMpFd2B3abOuHZ4iFxpFg-G3lzDjga-NpXe4U1wfenluJHLQp_WapSiESdBQYhvup7fLqYhicpvNpC5rEkCRkiBEvi-waYKAOeZHF4kWbNSz_k6KwSXWae5341FZCBc9a7lKpJKE_E4oQmEX\/s1600\/IMG-20231123-WA0004.jpg\"><img decoding=\"async\" class=\"alignleft lazyload\" data-src=\"https:\/\/blogger.googleusercontent.com\/img\/b\/R29vZ2xl\/AVvXsEg8_9ZpDH7xDDtyAliYcEBRkCTlwxdzouZhCgG6qnQLoUy8lMpFd2B3abOuHZ4iFxpFg-G3lzDjga-NpXe4U1wfenluJHLQp_WapSiESdBQYhvup7fLqYhicpvNpC5rEkCRkiBEvi-waYKAOeZHF4kWbNSz_k6KwSXWae5341FZCBc9a7lKpJKE_E4oQmEX\/s320\/IMG-20231123-WA0004.jpg\" width=\"320\" height=\"213\" border=\"0\" data-original-height=\"1063\" data-original-width=\"1600\" src=\"data:image\/svg+xml;base64,PHN2ZyB3aWR0aD0iMSIgaGVpZ2h0PSIxIiB4bWxucz0iaHR0cDovL3d3dy53My5vcmcvMjAwMC9zdmciPjwvc3ZnPg==\" style=\"--smush-placeholder-width: 320px; --smush-placeholder-aspect-ratio: 320\/213;\" \/><\/a><\/div>\n<p style=\"text-align: justify;\">El acto inici\u00f3 con los honores militares correspondientes y un pase en revista por una compa\u00f1\u00eda mixta, conformada por cuatro pelotones del personal femenino comandados por oficiales subalternas del Ej\u00e9rcito, Armada, Fuerza A\u00e9rea de Rep\u00fablica Dominicana y la Polic\u00eda Nacional.<\/p>\n<div class=\"separator\" style=\"text-align: justify;\"><a href=\"https:\/\/blogger.googleusercontent.com\/img\/b\/R29vZ2xl\/AVvXsEjrD4q8bSLjshNcrHovteglr2b8fCWZGODqaKFShDwJkd9If9fCnmEZwNaSd5f6nS30J3ykqREB3v9Ra-Y1Y7GSCFftnj1HiTOExSVnUXXSdAvwwA4XlFqKwJaZmwF0WijSBcvYk2bm7BKaoSpCkQd2zeX4eV1kyfzYcAW22P-NO4lGz03PbFvTuez1d5HY\/s1600\/IMG-20231123-WA0005.jpg\"><img decoding=\"async\" class=\"alignright lazyload\" data-src=\"https:\/\/blogger.googleusercontent.com\/img\/b\/R29vZ2xl\/AVvXsEjrD4q8bSLjshNcrHovteglr2b8fCWZGODqaKFShDwJkd9If9fCnmEZwNaSd5f6nS30J3ykqREB3v9Ra-Y1Y7GSCFftnj1HiTOExSVnUXXSdAvwwA4XlFqKwJaZmwF0WijSBcvYk2bm7BKaoSpCkQd2zeX4eV1kyfzYcAW22P-NO4lGz03PbFvTuez1d5HY\/s320\/IMG-20231123-WA0005.jpg\" width=\"320\" height=\"213\" border=\"0\" data-original-height=\"1063\" data-original-width=\"1600\" src=\"data:image\/svg+xml;base64,PHN2ZyB3aWR0aD0iMSIgaGVpZ2h0PSIxIiB4bWxucz0iaHR0cDovL3d3dy53My5vcmcvMjAwMC9zdmciPjwvc3ZnPg==\" style=\"--smush-placeholder-width: 320px; --smush-placeholder-aspect-ratio: 320\/213;\" \/><\/a><\/div>\n<p style=\"text-align: justify;\">En el discurso central de la actividad, la presidente de ADEOFA, dijo que \u201cLa inclusi\u00f3n de mujeres en roles operativos, donde sus habilidades y talentos pueden desarrollarse plenamente, fortalece la capacidad para abordar los desaf\u00edos contempor\u00e1neos y esto env\u00eda un mensaje claro a la sociedad de que nuestras Fuerzas Armadas son una instituci\u00f3n moderna, comprometida con la igualdad y la justicia\u201d.<\/p>\n<p>As\u00ed mismo en sus palabras destac\u00f3 que las Fuerzas armadas de Rep\u00fablica Dominicana, tienen el porcentaje m\u00e1s alto de mujeres en toda Latinoam\u00e9rica, superando las cifras de los pa\u00edses de la regi\u00f3n con un 22%.<\/p>\n<p>El plan estrat\u00e9gico fue presentado y entregado al titular del MIDE, por la teniente coronel abogado Dominga Mad\u00e9 Zabala, FARD, directora de la Direcci\u00f3n de Equidad de G\u00e9nero y Desarrollo del (MIDE), quien en su discurso manifest\u00f3, \u201cque es un honor presentar ante ustedes y la naci\u00f3n dominicana, el primer Plan de Implementaci\u00f3n de la Resoluci\u00f3n 1325, emitida por el Departamento de Asuntos Pol\u00edticos y Consolidaci\u00f3n de la Paz (DAPCP) del Consejo de Seguridad de las Naciones Unidas denominada: \u00abMujeres, Paz y Seguridad, para las Fuerzas Armadas de la Rep\u00fablica Dominicana\u201d.<\/p>\n<div class=\"separator\" style=\"text-align: justify;\"><a href=\"https:\/\/blogger.googleusercontent.com\/img\/b\/R29vZ2xl\/AVvXsEhLoym1pDNGT1UdnETLiDV-aGm7LcQneuNG4w3VUfduQnkhecS2RcGgiYYaC_l7Tfy5eJfD1BH5_Kzny8KIr4HLc5_RRkQvR-bzmL5AcLM2fFqLo1hl2GDkZdVaqXIVUz_ehg7ZxsXdchcGYfu87wqlgPk7FmVRC133QkuFrIkypk8612rw6hq1wfzLDYDu\/s1600\/IMG-20231123-WA0009.jpg\"><img decoding=\"async\" class=\"alignleft lazyload\" data-src=\"https:\/\/blogger.googleusercontent.com\/img\/b\/R29vZ2xl\/AVvXsEhLoym1pDNGT1UdnETLiDV-aGm7LcQneuNG4w3VUfduQnkhecS2RcGgiYYaC_l7Tfy5eJfD1BH5_Kzny8KIr4HLc5_RRkQvR-bzmL5AcLM2fFqLo1hl2GDkZdVaqXIVUz_ehg7ZxsXdchcGYfu87wqlgPk7FmVRC133QkuFrIkypk8612rw6hq1wfzLDYDu\/s320\/IMG-20231123-WA0009.jpg\" width=\"320\" height=\"213\" border=\"0\" data-original-height=\"1063\" data-original-width=\"1600\" src=\"data:image\/svg+xml;base64,PHN2ZyB3aWR0aD0iMSIgaGVpZ2h0PSIxIiB4bWxucz0iaHR0cDovL3d3dy53My5vcmcvMjAwMC9zdmciPjwvc3ZnPg==\" style=\"--smush-placeholder-width: 320px; --smush-placeholder-aspect-ratio: 320\/213;\" \/><\/a><\/div>\n<p style=\"text-align: justify;\">\u201cCon los significativos aportes, entrega, capacidad y compromiso que engalanan y distinguen a la mujer militar dominicana, es indudable que alcanzaremos el importante objetivo de prevenir conflictos y consolidar la paz en todo el territorio nacional, aportando sus cualidades \u00fanicas, en el establecimiento y consolidaci\u00f3n de todos los procesos de paz, necesarios e imprescindibles para el desarrollo sostenido de nuestra naci\u00f3n\u201d, precis\u00f3 Mad\u00e9 Zabala.<\/p>\n<p>En el acto estuvieron presentes oficiales del estado mayor general y conjunto de las Fuerzas Armadas, directores de las diferentes dependencias del MIDE, as\u00ed como tambi\u00e9n oficiales superiores, oficiales subalternos, clases, alistados y comisiones de los diferentes cuerpos castrenses.<\/p>\n<p style=\"text-align: justify;\">La resoluci\u00f3n 1325 del Consejo de Seguridad de las Naciones Unidas, fue aprobada por unanimidad, el 31 de octubre del a\u00f1o 2000 la cual aboga por la adopci\u00f3n de una perspectiva de g\u00e9nero, que incluye las necesidades especiales de las mujeres y las ni\u00f1as durante la repatriaci\u00f3n y reasentamiento, la reintegraci\u00f3n y la reconstrucci\u00f3n post-conflicto.<\/p>\n<p>Fuente: Prensa MIDE<\/p>\n","protected":false},"excerpt":{"rendered":"<p>Por Felix Rubio SANTO DOMINGO.- La Direcci\u00f3n de Equidad de G\u00e9nero y Desarrollo del Ministerio<\/p>\n","protected":false},"author":1,"featured_media":0,"comment_status":"open","ping_status":"open","sticky":false,"template":"","format":"standard","meta":{"footnotes":""},"categories":[7],"tags":[],"class_list":["post-9982","post","type-post","status-publish","format-standard","hentry","category-nacionales"],"_links":{"self":[{"href":"https:\/\/laverdadpublica.com\/index.php\/wp-json\/wp\/v2\/posts\/9982","targetHints":{"allow":["GET"]}}],"collection":[{"href":"https:\/\/laverdadpublica.com\/index.php\/wp-json\/wp\/v2\/posts"}],"about":[{"href":"https:\/\/laverdadpublica.com\/index.php\/wp-json\/wp\/v2\/types\/post"}],"author":[{"embeddable":true,"href":"https:\/\/laverdadpublica.com\/index.php\/wp-json\/wp\/v2\/users\/1"}],"replies":[{"embeddable":true,"href":"https:\/\/laverdadpublica.com\/index.php\/wp-json\/wp\/v2\/comments?post=9982"}],"version-history":[{"count":1,"href":"https:\/\/laverdadpublica.com\/index.php\/wp-json\/wp\/v2\/posts\/9982\/revisions"}],"predecessor-version":[{"id":9983,"href":"https:\/\/laverdadpublica.com\/index.php\/wp-json\/wp\/v2\/posts\/9982\/revisions\/9983"}],"wp:attachment":[{"href":"https:\/\/laverdadpublica.com\/index.php\/wp-json\/wp\/v2\/media?parent=9982"}],"wp:term":[{"taxonomy":"category","embeddable":true,"href":"https:\/\/laverdadpublica.com\/index.php\/wp-json\/wp\/v2\/categories?post=9982"},{"taxonomy":"post_tag","embeddable":true,"href":"https:\/\/laverdadpublica.com\/index.php\/wp-json\/wp\/v2\/tags?post=9982"}],"curies":[{"name":"wp","href":"https:\/\/api.w.org\/{rel}","templated":true}]}}